{"id":16185,"date":"2026-09-04T13:37:02","date_gmt":"2026-09-04T12:37:02","guid":{"rendered":"https:\/\/www.gmsa.ch\/?p=16185"},"modified":"2026-09-04T13:36:24","modified_gmt":"2026-09-04T12:36:24","slug":"vom-feld-bis-in-die-backstube-lassen-sie-neue-chancen-keimen","status":"publish","type":"post","link":"https:\/\/www.gmsa.ch\/de\/vom-feld-bis-in-die-backstube-lassen-sie-neue-chancen-keimen\/","title":{"rendered":"Vom Feld bis in die Backstube: Lassen Sie neue Chancen keimen"},"content":{"rendered":"\n<figure class=\"wp-block-image\"><img decoding=\"async\" src=\"https:\/\/www.gmsa.ch\/wp-content\/uploads\/2023\/10\/round-small-logo.svg\" alt=\"Ic\u00f4ne du site\"\/><\/figure>\n\n\n\n<div class=\"acf-container desktop:py-0 tablet:py-0 py-0 \"id=acf-block-64f899a480879>\n            <div class=\"acf-container__bg-overlay\" style=\"background: rgba(0, 0, 0, 0)\"><\/div>\n                <div class=\"container\">\n        \n\n<div class=\"acf-columns cols-gap-default reverse-none justify-start desktop:py-0 tablet:py-0 py-0\"id=acf-block-64f848fc822f3>\n    \n\n<div class=\"acf-tp-column two-third \"id=acf-block-64f848fc8230f>\n    <div class=\"acf-tp-column__box has-vertical-top py-0 px-0 tablet:py-0 tablet:px-0 desktop:px-0 desktop:py-0 \">\n                    <div class=\"acf-tp-column__bg-overlay\" style=\"background: rgba(0, 0, 0, 0)\"><\/div>\n                                <div class=\"acf-tp-column__box-content \">\n            \n\n<h1 id=\"h-blattern-sie-durch-unsere-neueste-april-ausgabe-unseres-magazins-scrollen-sie-nach-unten-um-die-komplette-magazin-pdf-version-herunterzuladen\" class=\"wp-block-heading is-style-font-mark has-terracotta-color has-text-color has-link-color has-24-font-size wp-elements-1\">Bl\u00e4ttern Sie durch unsere neueste April-Ausgabe unseres Magazins.\u00a0<a href=\"https:\/\/www.gmsa.ch\/wp-content\/uploads\/2026\/05\/GMSA-Info_Septembre-2026_FR-20260828-01-bd.pdf\">Scrollen Sie nach unten<\/a>, um die komplette Magazin-PDF-Version herunterzuladen!<br><\/h1>\n\n\n\n<div class=\"acf-spacer h-[24px] tablet:h-[32px] desktop:h-[40px]\" id=acf-block-64f899a480b8c ><\/div>\n\n\n\n\n\n<div class=\"acf-spacer h-[48px] tablet:h-[56px] desktop:h-[64px]\" id=acf-block-6a9a72f40e9fd5.44449703 ><\/div>\n\n\n<p class=\"has-32-font-size wp-block-paragraph\">Entdecken Sie Neuigkeiten, Fachwissen und L\u00f6sungen, die unsere Branche bewegen. Von der Ernte 2026 bis zu neuen Entwicklungen f\u00fcr das B\u00e4ckerhandwerk stellt diese Ausgabe die Menschen in den Mittelpunkt, die innovativ denken, Wissen weitergeben und unsere Berufe weiterentwickeln.<\/p>\n\n\n\n<div class=\"acf-spacer h-[64px] tablet:h-[80px] desktop:h-[120px]\" id=acf-block-64f899a48092f ><\/div>\n\n        <\/div>\n    <\/div>\n<\/div>\n\n<\/div>\n\n\n\n\n\n    <\/div>\n<\/div>\n\n\n\n\n\n<div class=\"acf-container desktop:py-0 tablet:py-0 py-0 \"id=acf-block-6501c30338698>\n            <div class=\"acf-container__bg-overlay\" style=\"background: rgba(0, 0, 0, 0)\"><\/div>\n                <div class=\"container\">\n        \n\n<div class=\"acf-columns cols-gap-default reverse-none justify-between desktop:py-0 tablet:py-0 py-0\"id=acf-block-64f73707a9213>\n    \n\n<div class=\"acf-tp-column two-third \"id=acf-block-64f73707a9255>\n    <div class=\"acf-tp-column__box has-vertical-top py-0 px-0 tablet:py-0 tablet:px-0 desktop:px-0 desktop:py-0 \">\n                    <div class=\"acf-tp-column__bg-overlay\" style=\"background: rgba(0, 0, 0, 0)\"><\/div>\n                                <div class=\"acf-tp-column__box-content \">\n            \n\n<h5 id=\"h-ernte\" class=\"wp-block-heading is-style-font-mark has-terracotta-color has-text-color has-link-color has-18-font-size wp-elements-2\" style=\"text-transform:uppercase\"><strong><strong>Ernte<\/strong><\/strong><\/h5>\n\n\n\n<div class=\"acf-spacer h-[8px] tablet:h-[8px] desktop:h-[8px]\" id=acf-block-6a9a72f40eab84.45787999 ><\/div>\n\n\n<h3 id=\"h-die-hitze-hatte-das-letzte-wort\" class=\"wp-block-heading\" style=\"text-transform:uppercase\"><strong><strong>Die Hitze hatte das letzte Wort<\/strong><\/strong><\/h3>\n\n\n\n<div class=\"acf-spacer h-[16px] tablet:h-[16px] desktop:h-[24px]\" id=acf-block-6a9a72f40eadb5.23265677 ><\/div>\n\n\n<p class=\"wp-block-paragraph\">Nach idealen Bedingungen bis Anfang Juni wurde der Brotweizen von der Hitzewelle zu Beginn des Sommers stark beeintr\u00e4chtigt. Eine vielversprechende Saison wurde durch die hohen Temperaturen ausgebremst: Die Bilanz f\u00e4llt bei der Qualit\u00e4t durchschnittlich, bei den Erntemengen jedoch gut aus.<\/p>\n\n\n\n<p class=\"wp-block-paragraph\">Die Erntemengen d\u00fcrften den Marktbedarf decken. F\u00fcr die M\u00fcllerei stellen jedoch insbesondere die vergleichsweise kleinen K\u00f6rner und eher tiefen Proteingehalte eine Herausforderung dar. Entdecken Sie unsere Analysen und Backempfehlungen.<\/p>\n\n\n        <\/div>\n    <\/div>\n<\/div>\n\n\n<div class=\"acf-tp-column one-third \"id=acf-block-64f73707a922b>\n    <div class=\"acf-tp-column__box has-vertical-top py-0 px-0 tablet:py-0 tablet:px-0 desktop:px-0 desktop:py-0 \">\n                    <div class=\"acf-tp-column__bg-overlay\" style=\"background: rgba(0, 0, 0, 0)\"><\/div>\n                                <div class=\"acf-tp-column__box-content \">\n            \n\n<figure class=\"wp-block-image size-full\"><img decoding=\"async\" width=\"2560\" height=\"1707\" src=\"https:\/\/www.gmsa.ch\/wp-content\/uploads\/2026\/09\/GMSA_Info-aout-2018-9997-scaled.jpg\" alt=\"\" class=\"wp-image-16119\" style=\"aspect-ratio:3\/4;object-fit:cover\" srcset=\"https:\/\/www.gmsa.ch\/wp-content\/uploads\/2026\/09\/GMSA_Info-aout-2018-9997-scaled.jpg 2560w, https:\/\/www.gmsa.ch\/wp-content\/uploads\/2026\/09\/GMSA_Info-aout-2018-9997-2048x1365.jpg 2048w, https:\/\/www.gmsa.ch\/wp-content\/uploads\/2026\/09\/GMSA_Info-aout-2018-9997-300x200.jpg 300w, https:\/\/www.gmsa.ch\/wp-content\/uploads\/2026\/09\/GMSA_Info-aout-2018-9997-768x512.jpg 768w, https:\/\/www.gmsa.ch\/wp-content\/uploads\/2026\/09\/GMSA_Info-aout-2018-9997-1024x683.jpg 1024w, https:\/\/www.gmsa.ch\/wp-content\/uploads\/2026\/09\/GMSA_Info-aout-2018-9997-1536x1024.jpg 1536w\" sizes=\"(max-width: 2560px) 100vw, 2560px\" \/><figcaption class=\"wp-element-caption\">Groupe Minoteries SA: Ernte<\/figcaption><\/figure>\n\n\n\n<div class=\"acf-spacer h-[32px] tablet:h-[32px] desktop:h-[40px]\" id=acf-block-64f73707a923d ><\/div>\n\n        <\/div>\n    <\/div>\n<\/div>\n\n<\/div>\n\n\n\n\n\n    <\/div>\n<\/div>\n\n\n\n\n\n<div class=\"acf-spacer h-[32px] tablet:h-[40px] desktop:h-[48px]\" id=acf-block-69b9618747907 ><\/div>\n\n\n<div class=\"acf-container desktop:py-0 tablet:py-0 py-0 \"id=acf-block-6a9a72f40eb663.25468606>\n            <div class=\"acf-container__bg-overlay\" style=\"background: rgba(0, 0, 0, 0)\"><\/div>\n                <div class=\"container\">\n        \n\n<div class=\"acf-columns cols-gap-default reverse-none justify-between desktop:py-0 tablet:py-0 py-0\"id=acf-block-6a9a72f40eb904.68040530>\n    \n\n<div class=\"acf-tp-column one-third \"id=acf-block-6a9a72f40ebc00.01299368>\n    <div class=\"acf-tp-column__box has-vertical-top py-0 px-0 tablet:py-0 tablet:px-0 desktop:px-0 desktop:py-0 \">\n                    <div class=\"acf-tp-column__bg-overlay\" style=\"background: rgba(0, 0, 0, 0)\"><\/div>\n                                <div class=\"acf-tp-column__box-content \">\n            \n\n<figure class=\"wp-block-image size-full\"><img decoding=\"async\" width=\"788\" height=\"1181\" src=\"https:\/\/www.gmsa.ch\/wp-content\/uploads\/2026\/09\/DSC_2463.jpg\" alt=\"\" class=\"wp-image-16121\" srcset=\"https:\/\/www.gmsa.ch\/wp-content\/uploads\/2026\/09\/DSC_2463.jpg 788w, https:\/\/www.gmsa.ch\/wp-content\/uploads\/2026\/09\/DSC_2463-200x300.jpg 200w, https:\/\/www.gmsa.ch\/wp-content\/uploads\/2026\/09\/DSC_2463-768x1151.jpg 768w, https:\/\/www.gmsa.ch\/wp-content\/uploads\/2026\/09\/DSC_2463-683x1024.jpg 683w\" sizes=\"(max-width: 788px) 100vw, 788px\" \/><figcaption class=\"wp-element-caption\">Der Bundesrat zu Besuch bei GMSA<\/figcaption><\/figure>\n\n\n\n<div class=\"acf-spacer h-[32px] tablet:h-[32px] desktop:h-[40px]\" id=acf-block-6a9a72f40ebe45.53702332 ><\/div>\n\n        <\/div>\n    <\/div>\n<\/div>\n\n\n<div class=\"acf-tp-column two-third \"id=acf-block-6a9a72f40ec114.47226171>\n    <div class=\"acf-tp-column__box has-vertical-top py-0 px-0 tablet:py-0 tablet:px-0 desktop:px-0 desktop:py-0 \">\n                    <div class=\"acf-tp-column__bg-overlay\" style=\"background: rgba(0, 0, 0, 0)\"><\/div>\n                                <div class=\"acf-tp-column__box-content \">\n            \n\n<h5 id=\"h-vom-getreide-zum-brot\" class=\"wp-block-heading is-style-font-mark has-terracotta-color has-text-color has-link-color has-18-font-size wp-elements-3\" style=\"text-transform:uppercase\"><strong><strong>Vom Getreide zum Brot<\/strong><\/strong><\/h5>\n\n\n\n<div class=\"acf-spacer h-[8px] tablet:h-[8px] desktop:h-[8px]\" id=acf-block-6a9a72f40ec3b8.97374038 ><\/div>\n\n\n<h3 id=\"h-der-bundesrat-zu-besuch-bei-gmsa\" class=\"wp-block-heading\" style=\"text-transform:uppercase\"><strong><strong>Der Bundesrat zu Besuch bei GMSA<\/strong><\/strong><\/h3>\n\n\n\n<div class=\"acf-spacer h-[16px] tablet:h-[16px] desktop:h-[24px]\" id=acf-block-6a9a72f40ec5b9.18972098 ><\/div>\n\n\n<p class=\"wp-block-paragraph\">Am 25. Juni 2026 durfte GMSA am Standort Granges-pr\u00e8s-Marnand die sieben Mitglieder des Bundesrates sowie Bundeskanzler Viktor Rossi und die beiden Vizekanzlerinnen willkommen heissen.<\/p>\n\n\n\n<p class=\"wp-block-paragraph\">Auf Initiative von Bundespr\u00e4sident Guy Parmelin stand bei diesem Besuch die Schweizer Wertsch\u00f6pfungskette vom Getreide bis zum Brot im Mittelpunkt.<\/p>\n\n\n\n<p class=\"wp-block-paragraph\">In einem exklusiven Interview erl\u00e4utert Guy Parmelin, welche Rahmenbedingungen notwendig sind, damit die Schweizer Getreide- und Backwarenbranche langfristig stark und wettbewerbsf\u00e4hig bleibt.<\/p>\n\n\n        <\/div>\n    <\/div>\n<\/div>\n\n<\/div>\n\n\n\n\n\n    <\/div>\n<\/div>\n\n\n\n\n\n<div class=\"acf-spacer h-[32px] tablet:h-[40px] desktop:h-[48px]\" id=acf-block-69b96b6fa6642 ><\/div>\n\n\n<div class=\"acf-container desktop:py-0 tablet:py-0 py-0 \"id=acf-block-6a9a72f40ec942.87160099>\n            <div class=\"acf-container__bg-overlay\" style=\"background: rgba(0, 0, 0, 0)\"><\/div>\n                <div class=\"container\">\n        \n\n<div class=\"acf-columns cols-gap-default reverse-none justify-between desktop:py-0 tablet:py-0 py-0\"id=acf-block-6a9a72f40ecb77.03169800>\n    \n\n<div class=\"acf-tp-column two-third \"id=acf-block-6a9a72f40ece69.61913237>\n    <div class=\"acf-tp-column__box has-vertical-top py-0 px-0 tablet:py-0 tablet:px-0 desktop:px-0 desktop:py-0 \">\n                    <div class=\"acf-tp-column__bg-overlay\" style=\"background: rgba(0, 0, 0, 0)\"><\/div>\n                                <div class=\"acf-tp-column__box-content \">\n            \n\n<h5 id=\"h-gestalten-wir-morgen\" class=\"wp-block-heading is-style-font-mark has-terracotta-color has-text-color has-link-color has-18-font-size wp-elements-4\" style=\"text-transform:uppercase\">gestalten wir morgen<\/h5>\n\n\n\n<div class=\"acf-spacer h-[8px] tablet:h-[8px] desktop:h-[8px]\" id=acf-block-6a9a72f40ed0f4.83363660 ><\/div>\n\n\n<h3 id=\"h-grosses-offentliches-interesse-an-der-getreidewirtschaft\" class=\"wp-block-heading\" style=\"text-transform:uppercase\"><strong><strong>Grosses \u00f6ffentliches Interesse an der Getreidewirtschaft<\/strong><\/strong><\/h3>\n\n\n\n<div class=\"acf-spacer h-[16px] tablet:h-[16px] desktop:h-[24px]\" id=acf-block-6a9a72f40ed2e6.05149219 ><\/div>\n\n\n<p class=\"wp-block-paragraph\">Am 5. und 6. Juni 2026 \u00f6ffnete die Moulin du Valais SA ihre T\u00fcren f\u00fcr Schulklassen aus der Region, Familien und die breite \u00d6ffentlichkeit. Zwei Tage lang standen Entdecken, Austausch und Begegnungen im Mittelpunkt.<\/p>\n\n\n\n<p class=\"wp-block-paragraph\">Rund 230 Sch\u00fclerinnen und Sch\u00fcler sowie 400 Besucherinnen und Besucher konnten den Weg des Getreides verfolgen und erfahren, wie Produzenten, M\u00fcller und B\u00e4cker zusammenarbeiten, um regionale Ernten wertvoll zu nutzen &#8211; eine wertvolle Gelegenheit, die Verbindung zwischen der Berufswelt und den n\u00e4chsten Generationen zu st\u00e4rken.<\/p>\n\n\n        <\/div>\n    <\/div>\n<\/div>\n\n\n<div class=\"acf-tp-column one-third \"id=acf-block-6a9a72f40ed5b3.72026548>\n    <div class=\"acf-tp-column__box has-vertical-top py-0 px-0 tablet:py-0 tablet:px-0 desktop:px-0 desktop:py-0 \">\n                    <div class=\"acf-tp-column__bg-overlay\" style=\"background: rgba(0, 0, 0, 0)\"><\/div>\n                                <div class=\"acf-tp-column__box-content \">\n            \n\n<figure class=\"wp-block-image size-full\"><img decoding=\"async\" width=\"2000\" height=\"1500\" src=\"https:\/\/www.gmsa.ch\/wp-content\/uploads\/2026\/09\/98ee3408-c1ea-4012-8b13-33e5559ddc63.jpeg\" alt=\"\" class=\"wp-image-16123\" style=\"aspect-ratio:3\/4;object-fit:cover\" srcset=\"https:\/\/www.gmsa.ch\/wp-content\/uploads\/2026\/09\/98ee3408-c1ea-4012-8b13-33e5559ddc63.jpeg 2000w, https:\/\/www.gmsa.ch\/wp-content\/uploads\/2026\/09\/98ee3408-c1ea-4012-8b13-33e5559ddc63-300x225.jpeg 300w, https:\/\/www.gmsa.ch\/wp-content\/uploads\/2026\/09\/98ee3408-c1ea-4012-8b13-33e5559ddc63-1024x768.jpeg 1024w, https:\/\/www.gmsa.ch\/wp-content\/uploads\/2026\/09\/98ee3408-c1ea-4012-8b13-33e5559ddc63-768x576.jpeg 768w, https:\/\/www.gmsa.ch\/wp-content\/uploads\/2026\/09\/98ee3408-c1ea-4012-8b13-33e5559ddc63-1536x1152.jpeg 1536w\" sizes=\"(max-width: 2000px) 100vw, 2000px\" \/><figcaption class=\"wp-element-caption\">Die Moulin du Valais SA \u00f6ffnete ihre T\u00fcren f\u00fcr Schulklassen aus der Region<\/figcaption><\/figure>\n\n\n\n<div class=\"acf-spacer h-[32px] tablet:h-[32px] desktop:h-[40px]\" id=acf-block-6a9a72f40ed9e2.76797951 ><\/div>\n\n        <\/div>\n    <\/div>\n<\/div>\n\n<\/div>\n\n\n\n\n\n    <\/div>\n<\/div>\n\n\n\n\n\n<div class=\"acf-container desktop:py-[40px] tablet:py-[32px] py-[24px] \"id=acf-block-6a9a72f40edcb5.90541601>\n            <div class=\"acf-container__bg-overlay\" style=\"background: rgba(0, 0, 0, 0)\"><\/div>\n                <div class=\"container\">\n        \n\n<div class=\"acf-columns cols-gap-default reverse-desktop justify-between desktop:py-[40px] tablet:py-[32px] py-[24px]\"id=acf-block-6a9a72f40edee5.25147850>\n    \n\n<div class=\"acf-tp-column two-third \"id=acf-block-6a9a72f40ee1d6.38601985>\n    <div class=\"acf-tp-column__box has-vertical-top py-0 px-0 tablet:py-0 tablet:px-0 desktop:px-0 desktop:py-0 \">\n                    <div class=\"acf-tp-column__bg-overlay\" style=\"background: rgba(0, 0, 0, 0)\"><\/div>\n                                <div class=\"acf-tp-column__box-content \">\n            \n\n<h5 id=\"h-urdinkel\" class=\"wp-block-heading is-style-font-mark has-terracotta-color has-text-color has-link-color has-18-font-size wp-elements-5\" style=\"text-transform:uppercase\"><strong><strong>UrDinkel<\/strong><\/strong><\/h5>\n\n\n\n<div class=\"acf-spacer h-[8px] tablet:h-[8px] desktop:h-[8px]\" id=acf-block-6a9a72f40ee482.01964826 ><\/div>\n\n\n<h3 id=\"h-neue-chancen-fur-das-backerhandwerk\" class=\"wp-block-heading\" style=\"text-transform:uppercase\"><strong><strong>neue Chancen f\u00fcr das B\u00e4ckerhandwerk<\/strong><\/strong><\/h3>\n\n\n\n<div class=\"acf-spacer h-[16px] tablet:h-[16px] desktop:h-[24px]\" id=acf-block-6a9a72f40ee688.68775130 ><\/div>\n\n\n<p class=\"wp-block-paragraph\">UrDinkel hat seit vielen Jahren einen festen Platz im B\u00e4ckerhandwerk. Das urspr\u00fcngliche Schweizer Getreide verbindet Nat\u00fcrlichkeit, Genuss, regionale Herkunft und kontrollierte Qualit\u00e4t &#8211; Werte, die bei Konsumentinnen und Konsumenten zunehmend gefragt sind.<\/p>\n\n\n\n<p class=\"wp-block-paragraph\">Sein charakteristischer Geschmack und seine klar nachvollziehbare Herkunft erm\u00f6glichen Handwerksb\u00e4ckereien ein differenziertes Sortiment mit glaubw\u00fcrdiger Geschichte. UrDinkel-Steinm\u00fchlenmehle bringen den Charakter des Korns besonders gut zur Geltung und verleihen Broten und Spezialit\u00e4ten eine unverwechselbare Note.<\/p>\n\n\n\n<p class=\"wp-block-paragraph\">Nutzen Sie das Potenzial von UrDinkel f\u00fcr Ihr Sortiment. GMSA unterst\u00fctzt Sie mit UrDinkel-Mehlen, Steinm\u00fchlenmehlen, bew\u00e4hrten Rezepten und Produktkonzepten sowie technischer Beratung bei der Umsetzung.<\/p>\n\n\n        <\/div>\n    <\/div>\n<\/div>\n\n\n<div class=\"acf-tp-column one-third \"id=acf-block-6a9a72f40ee953.84687273>\n    <div class=\"acf-tp-column__box has-vertical-top py-0 px-0 tablet:py-0 tablet:px-0 desktop:px-0 desktop:py-0 \">\n                    <div class=\"acf-tp-column__bg-overlay\" style=\"background: rgba(0, 0, 0, 0)\"><\/div>\n                                <div class=\"acf-tp-column__box-content \">\n            \n\n<figure class=\"wp-block-image size-full\"><img decoding=\"async\" width=\"2560\" height=\"1707\" src=\"https:\/\/www.gmsa.ch\/wp-content\/uploads\/2026\/09\/kamp2026_Romandie_leader_OK_CMYK_psocoatedv3-scaled.jpg\" alt=\"\" class=\"wp-image-16125\" style=\"aspect-ratio:3\/4;object-fit:cover\" srcset=\"https:\/\/www.gmsa.ch\/wp-content\/uploads\/2026\/09\/kamp2026_Romandie_leader_OK_CMYK_psocoatedv3-scaled.jpg 2560w, https:\/\/www.gmsa.ch\/wp-content\/uploads\/2026\/09\/kamp2026_Romandie_leader_OK_CMYK_psocoatedv3-300x200.jpg 300w, https:\/\/www.gmsa.ch\/wp-content\/uploads\/2026\/09\/kamp2026_Romandie_leader_OK_CMYK_psocoatedv3-768x512.jpg 768w, https:\/\/www.gmsa.ch\/wp-content\/uploads\/2026\/09\/kamp2026_Romandie_leader_OK_CMYK_psocoatedv3-1024x683.jpg 1024w, https:\/\/www.gmsa.ch\/wp-content\/uploads\/2026\/09\/kamp2026_Romandie_leader_OK_CMYK_psocoatedv3-1536x1024.jpg 1536w, https:\/\/www.gmsa.ch\/wp-content\/uploads\/2026\/09\/kamp2026_Romandie_leader_OK_CMYK_psocoatedv3-2048x1365.jpg 2048w\" sizes=\"(max-width: 2560px) 100vw, 2560px\" \/><figcaption class=\"wp-element-caption\">Urdinkelfeld von St\u00e9phane Roulet<\/figcaption><\/figure>\n\n\n\n<div class=\"acf-spacer h-[8px] tablet:h-[16px] desktop:h-[24px]\" id=acf-block-6a9a72f40eebd1.86327653 ><\/div>\n\n        <\/div>\n    <\/div>\n<\/div>\n\n<\/div>\n\n\n\n\n\n\n<div class=\"acf-columns cols-gap-default reverse-desktop justify-between desktop:py-[40px] tablet:py-[32px] py-[24px]\"id=acf-block-6a9a72f40eedf7.24072531>\n    \n\n<div class=\"acf-tp-column one-third \"id=acf-block-6a9a72f40ef0d9.27853008>\n    <div class=\"acf-tp-column__box has-vertical-top py-0 px-0 tablet:py-0 tablet:px-0 desktop:px-0 desktop:py-0 \">\n                    <div class=\"acf-tp-column__bg-overlay\" style=\"background: rgba(0, 0, 0, 0)\"><\/div>\n                                <div class=\"acf-tp-column__box-content \">\n            \n\n<figure class=\"wp-block-image size-full\"><img decoding=\"async\" width=\"2500\" height=\"2500\" src=\"https:\/\/www.gmsa.ch\/wp-content\/uploads\/2026\/09\/b1cce573-8fe3-4b22-8ed3-e8d376706cc0-1.jpg\" alt=\"\" class=\"wp-image-16139\" style=\"aspect-ratio:3\/4;object-fit:cover\" srcset=\"https:\/\/www.gmsa.ch\/wp-content\/uploads\/2026\/09\/b1cce573-8fe3-4b22-8ed3-e8d376706cc0-1.jpg 2500w, https:\/\/www.gmsa.ch\/wp-content\/uploads\/2026\/09\/b1cce573-8fe3-4b22-8ed3-e8d376706cc0-1-300x300.jpg 300w, https:\/\/www.gmsa.ch\/wp-content\/uploads\/2026\/09\/b1cce573-8fe3-4b22-8ed3-e8d376706cc0-1-1024x1024.jpg 1024w, https:\/\/www.gmsa.ch\/wp-content\/uploads\/2026\/09\/b1cce573-8fe3-4b22-8ed3-e8d376706cc0-1-150x150.jpg 150w, https:\/\/www.gmsa.ch\/wp-content\/uploads\/2026\/09\/b1cce573-8fe3-4b22-8ed3-e8d376706cc0-1-768x768.jpg 768w, https:\/\/www.gmsa.ch\/wp-content\/uploads\/2026\/09\/b1cce573-8fe3-4b22-8ed3-e8d376706cc0-1-1536x1536.jpg 1536w, https:\/\/www.gmsa.ch\/wp-content\/uploads\/2026\/09\/b1cce573-8fe3-4b22-8ed3-e8d376706cc0-1-2048x2048.jpg 2048w\" sizes=\"(max-width: 2500px) 100vw, 2500px\" \/><figcaption class=\"wp-element-caption\">UrDinkel-Kugeln: L\u00e4ckerli Huus<\/figcaption><\/figure>\n\n\n\n<div class=\"acf-spacer h-[32px] tablet:h-[32px] desktop:h-[40px]\" id=acf-block-6a9a72f40ef328.98940464 ><\/div>\n\n        <\/div>\n    <\/div>\n<\/div>\n\n\n<div class=\"acf-tp-column two-third \"id=acf-block-6a9a72f40ef653.83151461>\n    <div class=\"acf-tp-column__box has-vertical-top py-0 px-0 tablet:py-0 tablet:px-0 desktop:px-0 desktop:py-0 \">\n                    <div class=\"acf-tp-column__bg-overlay\" style=\"background: rgba(0, 0, 0, 0)\"><\/div>\n                                <div class=\"acf-tp-column__box-content \">\n            \n\n<p class=\"is-style-font-mark has-terracotta-color has-text-color has-link-color has-18-font-size wp-elements-6 wp-block-paragraph\" style=\"text-transform:uppercase\"><strong>UrDinkel<\/strong><\/p>\n\n\n\n<div class=\"acf-spacer h-[8px] tablet:h-[8px] desktop:h-[8px]\" id=acf-block-6a9a72f40ef8f3.10839373 ><\/div>\n\n\n<h3 id=\"h-vielfaltige-inspiration-fur-das-weihnachtsgeschaf\" class=\"wp-block-heading\" style=\"text-transform:uppercase\"><strong><strong>Vielf\u00e4ltige Inspiration f\u00fcr das Weihnachtsgesch\u00e4f<\/strong><\/strong><\/h3>\n\n\n\n<div class=\"acf-spacer h-[16px] tablet:h-[16px] desktop:h-[24px]\" id=acf-block-6a9a72f40efae0.84976389 ><\/div>\n\n\n<p class=\"wp-block-paragraph\">Mit Blick auf das Weihnachtsgesch\u00e4ft bieten IP-SUISSE UrDinkel-Kugeln eine einfache und vielseitige Basis f\u00fcr originelle Produkte mit echtem Mehrwert.<\/p>\n\n\n\n<p class=\"wp-block-paragraph\">Ob mit dunkler, Milch- oder weisser Schokolade umh\u00fcllt oder mit Kaffee, Karamell, Zitrusfr\u00fcchten, Beeren oder weihnachtlichen Gew\u00fcrzen verfeinert: Sie er\u00f6ffnen zahlreiche M\u00f6glichkeiten f\u00fcr saisonale Spezialit\u00e4ten, hochwertige Geschenkartikel oder individuelle Kreationen mit eigener Handschrift.<\/p>\n\n\n        <\/div>\n    <\/div>\n<\/div>\n\n<\/div>\n\n\n\n\n\n\n<div class=\"acf-columns cols-gap-default reverse-none justify-between desktop:py-[40px] tablet:py-[32px] py-[24px]\"id=acf-block-6a9a72f40efcf3.13378419>\n    \n\n<div class=\"acf-tp-column one-third \"id=acf-block-6a9a72f40effc1.81887138>\n    <div class=\"acf-tp-column__box has-vertical-top py-0 px-0 tablet:py-0 tablet:px-0 desktop:px-0 desktop:py-0 \">\n                    <div class=\"acf-tp-column__bg-overlay\" style=\"background: rgba(0, 0, 0, 0)\"><\/div>\n                                <div class=\"acf-tp-column__box-content \">\n            \n\n<figure class=\"wp-block-image alignleft size-full\"><img decoding=\"async\" width=\"2548\" height=\"1716\" src=\"https:\/\/www.gmsa.ch\/wp-content\/uploads\/2026\/09\/GMSA_annonce_Promarca-Upcycling-2_291x145_20260828-01-2-edited.jpg\" alt=\"\" class=\"wp-image-16147\" srcset=\"https:\/\/www.gmsa.ch\/wp-content\/uploads\/2026\/09\/GMSA_annonce_Promarca-Upcycling-2_291x145_20260828-01-2-edited.jpg 2548w, https:\/\/www.gmsa.ch\/wp-content\/uploads\/2026\/09\/GMSA_annonce_Promarca-Upcycling-2_291x145_20260828-01-2-edited-300x202.jpg 300w, https:\/\/www.gmsa.ch\/wp-content\/uploads\/2026\/09\/GMSA_annonce_Promarca-Upcycling-2_291x145_20260828-01-2-edited-1024x690.jpg 1024w, https:\/\/www.gmsa.ch\/wp-content\/uploads\/2026\/09\/GMSA_annonce_Promarca-Upcycling-2_291x145_20260828-01-2-edited-768x517.jpg 768w, https:\/\/www.gmsa.ch\/wp-content\/uploads\/2026\/09\/GMSA_annonce_Promarca-Upcycling-2_291x145_20260828-01-2-edited-1536x1034.jpg 1536w, https:\/\/www.gmsa.ch\/wp-content\/uploads\/2026\/09\/GMSA_annonce_Promarca-Upcycling-2_291x145_20260828-01-2-edited-2048x1379.jpg 2048w\" sizes=\"(max-width: 2548px) 100vw, 2548px\" \/><figcaption class=\"wp-element-caption\">2. Platz beim Promarca Brand Sustainability Award <\/figcaption><\/figure>\n\n\n\n<div class=\"acf-spacer h-[32px] tablet:h-[32px] desktop:h-[40px]\" id=acf-block-6a9a72f40f0268.99122461 ><\/div>\n\n        <\/div>\n    <\/div>\n<\/div>\n\n\n<div class=\"acf-tp-column two-third \"id=acf-block-6a9a72f40f0538.69048214>\n    <div class=\"acf-tp-column__box has-vertical-top py-0 px-0 tablet:py-0 tablet:px-0 desktop:px-0 desktop:py-0 \">\n                    <div class=\"acf-tp-column__bg-overlay\" style=\"background: rgba(0, 0, 0, 0)\"><\/div>\n                                <div class=\"acf-tp-column__box-content \">\n            \n\n<h5 id=\"h-upcycling\" class=\"wp-block-heading is-style-font-mark has-terracotta-color has-text-color has-link-color has-18-font-size wp-elements-7\" style=\"text-transform:uppercase\"><strong>Upcycling<\/strong><\/h5>\n\n\n\n<div class=\"acf-spacer h-[8px] tablet:h-[8px] desktop:h-[8px]\" id=acf-block-6a9a72f40f0791.92419531 ><\/div>\n\n\n<h3 id=\"h-unser-ansatz-von-promarca-ausgezeichnet\" class=\"wp-block-heading\" style=\"text-transform:uppercase\"><strong><strong>Unser Ansatz von Promarca ausgezeichnet<\/strong><\/strong><\/h3>\n\n\n\n<div class=\"acf-spacer h-[16px] tablet:h-[16px] desktop:h-[24px]\" id=acf-block-6a9a72f40f0982.73025116 ><\/div>\n\n\n<p class=\"wp-block-paragraph\">Nebenprodukte der Lebensmittelverarbeitung in funktionelle Zutaten zu verwandeln &#8211; dieses Ziel steht im Zentrum unseres Upcycling-Ansatzes, der mit dem 2. Platz beim Promarca Brand Sustainability Award ausgezeichnet wurde.<\/p>\n\n\n\n<p class=\"wp-block-paragraph\">Mit unserem Know-how in der Vermahlung und Extrusion werten wir unter anderem Weizenkleie, Biertreber und Fraktionen aus der Verarbeitung von H\u00fclsenfr\u00fcchten gezielt auf und erschliessen ihnen neue funktionelle Eigenschaften.<\/p>\n\n\n\n<p class=\"wp-block-paragraph\">Unser Ansatz geht \u00fcber die Kreislaufwirtschaft hinaus: Die gewonnenen Zutaten sollen dem Endprodukt auch einen technologischen und qualitativen Mehrwert verleihen und zus\u00e4tzliche Wertsch\u00f6pfung erm\u00f6glichen.<\/p>\n\n\n        <\/div>\n    <\/div>\n<\/div>\n\n<\/div>\n\n\n\n\n\n\n<div class=\"acf-columns cols-gap-default reverse-none justify-between desktop:py-[40px] tablet:py-[32px] py-[24px]\"id=acf-block-6a9a72f40f0bc9.77983813>\n    \n\n<div class=\"acf-tp-column two-third \"id=acf-block-6a9a72f40f0e97.98206819>\n    <div class=\"acf-tp-column__box has-vertical-top py-0 px-0 tablet:py-0 tablet:px-0 desktop:px-0 desktop:py-0 \">\n                    <div class=\"acf-tp-column__bg-overlay\" style=\"background: rgba(0, 0, 0, 0)\"><\/div>\n                                <div class=\"acf-tp-column__box-content \">\n            \n\n<h5 id=\"h-assemblage\" class=\"wp-block-heading is-style-font-mark has-terracotta-color has-text-color has-link-color has-18-font-size wp-elements-8\" style=\"text-transform:uppercase\">assemblage<\/h5>\n\n\n\n<div class=\"acf-spacer h-[8px] tablet:h-[8px] desktop:h-[8px]\" id=acf-block-6a9a72f40f10f7.99821037 ><\/div>\n\n\n<h3 id=\"h-panettone-eine-chance-fur-das-backerhandwerk\" class=\"wp-block-heading\" style=\"text-transform:uppercase\"><strong>Panettone : <strong>eine Chance f\u00fcr das B\u00e4ckerhandwerk<\/strong><\/strong><\/h3>\n\n\n\n<div class=\"acf-spacer h-[16px] tablet:h-[16px] desktop:h-[24px]\" id=acf-block-6a9a72f40f12e0.51736208 ><\/div>\n\n\n<p class=\"wp-block-paragraph\">Panettone ist aus dem Weihnachtsgesch\u00e4ft kaum mehr wegzudenken. Obwohl seine Qualit\u00e4t wesentlich von der richtigen Fermentation, hochwertigen Rohstoffen und dem handwerklichen K\u00f6nnen des B\u00e4ckers abh\u00e4ngt, wird der Markt weiterhin stark von standardisierten Industrieprodukten gepr\u00e4gt.<\/p>\n\n\n\n<p class=\"wp-block-paragraph\">Um unterschiedlichen Produktionsanforderungen gerecht zu werden, bietet GMSA zwei speziell f\u00fcr die Panettone-Herstellung entwickelte Mehle an.<\/p>\n\n\n        <\/div>\n    <\/div>\n<\/div>\n\n\n<div class=\"acf-tp-column one-third \"id=acf-block-6a9a72f40f15e6.52824822>\n    <div class=\"acf-tp-column__box has-vertical-top py-0 px-0 tablet:py-0 tablet:px-0 desktop:px-0 desktop:py-0 \">\n                    <div class=\"acf-tp-column__bg-overlay\" style=\"background: rgba(0, 0, 0, 0)\"><\/div>\n                                <div class=\"acf-tp-column__box-content \">\n            \n\n<figure class=\"wp-block-image size-large\"><img decoding=\"async\" width=\"1024\" height=\"730\" src=\"https:\/\/www.gmsa.ch\/wp-content\/uploads\/2026\/09\/DSC_5848-1024x730.jpg\" alt=\"\" class=\"wp-image-16151\" style=\"aspect-ratio:3\/4;object-fit:cover\" srcset=\"https:\/\/www.gmsa.ch\/wp-content\/uploads\/2026\/09\/DSC_5848-1024x730.jpg 1024w, https:\/\/www.gmsa.ch\/wp-content\/uploads\/2026\/09\/DSC_5848-300x214.jpg 300w, https:\/\/www.gmsa.ch\/wp-content\/uploads\/2026\/09\/DSC_5848-768x547.jpg 768w, https:\/\/www.gmsa.ch\/wp-content\/uploads\/2026\/09\/DSC_5848-1536x1094.jpg 1536w, https:\/\/www.gmsa.ch\/wp-content\/uploads\/2026\/09\/DSC_5848-2048x1459.jpg 2048w\" sizes=\"(max-width: 1024px) 100vw, 1024px\" \/><figcaption class=\"wp-element-caption\">Traditionnelle Panettone<\/figcaption><\/figure>\n\n\n\n<div class=\"acf-spacer h-[32px] tablet:h-[32px] desktop:h-[40px]\" id=acf-block-6a9a72f40f1908.36570398 ><\/div>\n\n        <\/div>\n    <\/div>\n<\/div>\n\n<\/div>\n\n\n\n\n\n\n<div class=\"acf-columns cols-gap-default reverse-desktop justify-between desktop:py-[40px] tablet:py-[32px] py-[24px]\"id=acf-block-6a9a72f40f1b26.89213865>\n    \n\n<div class=\"acf-tp-column two-third \"id=acf-block-6a9a72f40f1df3.30353035>\n    <div class=\"acf-tp-column__box has-vertical-top py-0 px-0 tablet:py-0 tablet:px-0 desktop:px-0 desktop:py-0 \">\n                    <div class=\"acf-tp-column__bg-overlay\" style=\"background: rgba(0, 0, 0, 0)\"><\/div>\n                                <div class=\"acf-tp-column__box-content \">\n            \n\n<h5 id=\"h-aus-der-backstube\" class=\"wp-block-heading is-style-font-mark has-terracotta-color has-text-color has-link-color has-18-font-size wp-elements-9\" style=\"text-transform:uppercase\"><strong><strong>Aus der Backstube<\/strong><\/strong><\/h5>\n\n\n\n<div class=\"acf-spacer h-[8px] tablet:h-[8px] desktop:h-[8px]\" id=acf-block-6a9a72f40f2094.43255007 ><\/div>\n\n\n<h3 id=\"h-zwei-backer-zwei-perspektivencultiver-sa-difference\" class=\"wp-block-heading\" style=\"text-transform:uppercase\"><strong>Zwei B\u00e4cker, zwei Perspektivencultiver sa diff\u00e9rence<\/strong><\/h3>\n\n\n\n<div class=\"acf-spacer h-[16px] tablet:h-[16px] desktop:h-[24px]\" id=acf-block-6a9a72f40f2289.09784959 ><\/div>\n\n\n<p class=\"wp-block-paragraph\">Bei der B\u00e4ckerei-Konditorei Eichenberger AG in Langnau im Emmental verbinden UrDinkel und Emmer, Steinm\u00fchlenvermahlung und lange Teigf\u00fchrung urspr\u00fcngliche Rohstoffe mit authentischem Handwerk. F\u00fcr Johann Eichenberger entsteht die Differenzierung aus Geschmack, Frischhaltung, Herkunft und einer glaubw\u00fcrdigen Geschichte, die auch am Verkaufspunkt \u00fcberzeugt.<\/p>\n\n\n\n<p class=\"wp-block-paragraph\">Ueli der Beck denkt Vollkorn neu: Mit dem Gourmet Vollkornkonzentrat entstand ein echtes Vollkornbrot, das reich an Ballaststoffen ist und zugleich mit lockerer Krume, feiner Textur und guter Frischhaltung \u00fcberzeugt. Sein Beispiel zeigt, dass moderne Vollkornbrote Gesundheit und Genuss selbstverst\u00e4ndlich miteinander verbinden k\u00f6nnen.<\/p>\n\n\n        <\/div>\n    <\/div>\n<\/div>\n\n\n<div class=\"acf-tp-column one-third \"id=acf-block-6a9a72f40f2559.89453671>\n    <div class=\"acf-tp-column__box has-vertical-top py-0 px-0 tablet:py-0 tablet:px-0 desktop:px-0 desktop:py-0 \">\n                    <div class=\"acf-tp-column__bg-overlay\" style=\"background: rgba(0, 0, 0, 0)\"><\/div>\n                                <div class=\"acf-tp-column__box-content \">\n            \n\n<figure class=\"wp-block-image size-full is-resized\"><img decoding=\"async\" width=\"480\" height=\"640\" src=\"https:\/\/www.gmsa.ch\/wp-content\/uploads\/2026\/09\/4.jpg\" alt=\"\" class=\"wp-image-16186\" style=\"aspect-ratio:0.75;object-fit:cover;width:591px;height:auto\" srcset=\"https:\/\/www.gmsa.ch\/wp-content\/uploads\/2026\/09\/4.jpg 480w, https:\/\/www.gmsa.ch\/wp-content\/uploads\/2026\/09\/4-225x300.jpg 225w\" sizes=\"(max-width: 480px) 100vw, 480px\" \/><figcaption class=\"wp-element-caption\">Ueli Beck<\/figcaption><\/figure>\n\n\n\n<div class=\"acf-spacer h-[32px] tablet:h-[32px] desktop:h-[40px]\" id=acf-block-6a9a72f40f27d4.48896760 ><\/div>\n\n        <\/div>\n    <\/div>\n<\/div>\n\n<\/div>\n\n\n\n\n\n\n<div class=\"acf-columns cols-gap-default reverse-none justify-between desktop:py-[40px] tablet:py-[32px] py-[24px]\"id=acf-block-6a9a99cd2f4e10.23448143>\n    \n\n<div class=\"acf-tp-column two-third \"id=acf-block-6a9a99cd2f5106.34402923>\n    <div class=\"acf-tp-column__box has-vertical-top py-0 px-0 tablet:py-0 tablet:px-0 desktop:px-0 desktop:py-0 \">\n                    <div class=\"acf-tp-column__bg-overlay\" style=\"background: rgba(0, 0, 0, 0)\"><\/div>\n                                <div class=\"acf-tp-column__box-content \">\n            \n\n<h5 id=\"h-partnerschaft\" class=\"wp-block-heading is-style-font-mark has-terracotta-color has-text-color has-link-color has-18-font-size wp-elements-10\" style=\"text-transform:uppercase\"><strong>Partnerschaft<\/strong><\/h5>\n\n\n\n<div class=\"acf-spacer h-[8px] tablet:h-[8px] desktop:h-[8px]\" id=acf-block-6a9a99cd2f5335.15257046 ><\/div>\n\n\n<h3 id=\"h-richemontplus-eine-neue-partnerschaft-im-dienste-des-backer-fachwissens\" class=\"wp-block-heading\" style=\"text-transform:uppercase\"><strong><strong><strong>Richemontplus\u00ae: Eine neue Partnerschaft im Dienste des B\u00e4cker-Fachwissens<\/strong><\/strong><\/strong><\/h3>\n\n\n\n<div class=\"acf-spacer h-[16px] tablet:h-[16px] desktop:h-[24px]\" id=acf-block-6a9a99cd2f5510.50571916 ><\/div>\n\n\n<p class=\"wp-block-paragraph\">Die Weitergabe von Wissen, die kontinuierliche Weiterentwicklung von Kompetenzen und die F\u00f6rderung von Innovationen standen bei GMSA schon immer im Mittelpunkt.<\/p>\n\n\n\n<p class=\"wp-block-paragraph\">Vor diesem Hintergrund sind wir die offizielle Partnerschaft mit Richemontplus\u00ae, der neuen digitalen Lern- und Wissensplattform des Kompetenzzentrums Richemont eingegangen.<\/p>\n\n\n\n<p class=\"wp-block-paragraph\">GMSA wird die Plattform regelm\u00e4ssig mit eigenem Fachwissen bereichern. Unser Ziel bleibt dabei dasselbe: Handwerksbetriebe und Unternehmer bei den t\u00e4glichen Herausforderungen zu begleiten und ihnen zu helfen, die Chancen von morgen zu nutzen.<\/p>\n\n\n        <\/div>\n    <\/div>\n<\/div>\n\n\n<div class=\"acf-tp-column one-third \"id=acf-block-6a9a99cd2f5778.99672273>\n    <div class=\"acf-tp-column__box has-vertical-top py-0 px-0 tablet:py-0 tablet:px-0 desktop:px-0 desktop:py-0 \">\n                    <div class=\"acf-tp-column__bg-overlay\" style=\"background: rgba(0, 0, 0, 0)\"><\/div>\n                                <div class=\"acf-tp-column__box-content \">\n            \n\n<figure class=\"wp-block-image size-full is-resized\"><img decoding=\"async\" width=\"484\" height=\"636\" src=\"https:\/\/www.gmsa.ch\/wp-content\/uploads\/2026\/09\/Richemontplus_Business_Titelfoto_Tablet_Phone_low-edited.png\" alt=\"\" class=\"wp-image-16159\" style=\"aspect-ratio:0.75;object-fit:cover;width:591px;height:auto\" srcset=\"https:\/\/www.gmsa.ch\/wp-content\/uploads\/2026\/09\/Richemontplus_Business_Titelfoto_Tablet_Phone_low-edited.png 484w, https:\/\/www.gmsa.ch\/wp-content\/uploads\/2026\/09\/Richemontplus_Business_Titelfoto_Tablet_Phone_low-edited-228x300.png 228w\" sizes=\"(max-width: 484px) 100vw, 484px\" \/><figcaption class=\"wp-element-caption\">Richemontplus\u00ae<\/figcaption><\/figure>\n\n\n\n<div class=\"acf-spacer h-[32px] tablet:h-[32px] desktop:h-[40px]\" id=acf-block-6a9a99cd2f5958.71934128 ><\/div>\n\n        <\/div>\n    <\/div>\n<\/div>\n\n<\/div>\n\n\n\n\n\n\n<div class=\"acf-columns cols-gap-default reverse-desktop justify-between desktop:py-[40px] tablet:py-[32px] py-[24px]\"id=acf-block-6a9a99cd2f5b00.39935524>\n    \n\n<div class=\"acf-tp-column two-third \"id=acf-block-6a9a99cd2f5d97.94897684>\n    <div class=\"acf-tp-column__box has-vertical-top py-0 px-0 tablet:py-0 tablet:px-0 desktop:px-0 desktop:py-0 \">\n                    <div class=\"acf-tp-column__bg-overlay\" style=\"background: rgba(0, 0, 0, 0)\"><\/div>\n                                <div class=\"acf-tp-column__box-content \">\n            \n\n<h5 id=\"h-sauerteiglosung\" class=\"wp-block-heading is-style-font-mark has-terracotta-color has-text-color has-link-color has-18-font-size wp-elements-11\" style=\"text-transform:uppercase\"><strong><strong><strong>Sauerteigl\u00f6sung<\/strong><\/strong><\/strong><\/h5>\n\n\n\n<div class=\"acf-spacer h-[8px] tablet:h-[8px] desktop:h-[8px]\" id=acf-block-6a9a99cd2f69e2.99739482 ><\/div>\n\n\n<h3 id=\"h-der-mut-weiterzugehen\" class=\"wp-block-heading\" style=\"text-transform:uppercase\"><strong><strong><strong>der Mut, weiterzugehen<\/strong><\/strong><\/strong><\/h3>\n\n\n\n<div class=\"acf-spacer h-[16px] tablet:h-[16px] desktop:h-[24px]\" id=acf-block-6a9a99cd2f74a5.89389466 ><\/div>\n\n\n<p class=\"wp-block-paragraph\">Wie l\u00e4sst sich eine B\u00e4ckerei weiterentwickeln, ohne ihre Identit\u00e4t aus den Augen zu verlieren? In Porrentruy hat sich Micha\u00ebl Roelli daf\u00fcr entschieden, Schritt f\u00fcr Schritt voranzugehen und dem treu zu bleiben, was das Handwerk ausmacht: Zeit, Qualit\u00e4t und die Bereitschaft, immer weiter zu lernen.<\/p>\n\n\n\n<p class=\"wp-block-paragraph\">Die Arbeit mit Fl\u00fcssigsauerteig hat ihm mit der GMSA Sauerteigl\u00f6sung einen weiteren Qualit\u00e4tssprung erm\u00f6glicht: mehr Konstanz und Volumen, bessere Stabilit\u00e4t, ausgepr\u00e4gtere Aromen und eine im Alltag reproduzierbare Qualit\u00e4t.<\/p>\n\n\n        <\/div>\n    <\/div>\n<\/div>\n\n\n<div class=\"acf-tp-column one-third \"id=acf-block-6a9a99cd2f7869.69813016>\n    <div class=\"acf-tp-column__box has-vertical-top py-0 px-0 tablet:py-0 tablet:px-0 desktop:px-0 desktop:py-0 \">\n                    <div class=\"acf-tp-column__bg-overlay\" style=\"background: rgba(0, 0, 0, 0)\"><\/div>\n                                <div class=\"acf-tp-column__box-content \">\n            \n\n<figure class=\"wp-block-image size-full is-resized\"><img decoding=\"async\" width=\"1212\" height=\"1738\" src=\"https:\/\/www.gmsa.ch\/wp-content\/uploads\/2026\/09\/IMG_3308-edited.jpeg\" alt=\"\" class=\"wp-image-16167\" style=\"aspect-ratio:0.75;object-fit:cover;width:591px;height:auto\" srcset=\"https:\/\/www.gmsa.ch\/wp-content\/uploads\/2026\/09\/IMG_3308-edited.jpeg 1212w, https:\/\/www.gmsa.ch\/wp-content\/uploads\/2026\/09\/IMG_3308-edited-209x300.jpeg 209w, https:\/\/www.gmsa.ch\/wp-content\/uploads\/2026\/09\/IMG_3308-edited-714x1024.jpeg 714w, https:\/\/www.gmsa.ch\/wp-content\/uploads\/2026\/09\/IMG_3308-edited-768x1101.jpeg 768w, https:\/\/www.gmsa.ch\/wp-content\/uploads\/2026\/09\/IMG_3308-edited-1071x1536.jpeg 1071w\" sizes=\"(max-width: 1212px) 100vw, 1212px\" \/><figcaption class=\"wp-element-caption\">Micha\u00ebl und Jean-Pierre Roelli<\/figcaption><\/figure>\n\n\n\n<div class=\"acf-spacer h-[32px] tablet:h-[32px] desktop:h-[40px]\" id=acf-block-6a9a99cd2f8307.43115637 ><\/div>\n\n        <\/div>\n    <\/div>\n<\/div>\n\n<\/div>\n\n\n\n\n\n\n<div class=\"acf-columns cols-gap-default reverse-desktop justify-between desktop:py-[40px] tablet:py-[32px] py-[24px]\"id=acf-block-6a9a99cd2f8563.66327503>\n    \n\n<div class=\"acf-tp-column one-third \"id=acf-block-6a9a99cd2f8819.73726318>\n    <div class=\"acf-tp-column__box has-vertical-top py-0 px-0 tablet:py-0 tablet:px-0 desktop:px-0 desktop:py-0 \">\n                    <div class=\"acf-tp-column__bg-overlay\" style=\"background: rgba(0, 0, 0, 0)\"><\/div>\n                                <div class=\"acf-tp-column__box-content \">\n            \n\n<figure class=\"wp-block-image size-full is-resized\"><img decoding=\"async\" width=\"1707\" height=\"2560\" src=\"https:\/\/www.gmsa.ch\/wp-content\/uploads\/2026\/09\/\u00a9spo.studiophoto-portrait-ronny.jpg-scaled.jpg\" alt=\"\" class=\"wp-image-16169\" style=\"aspect-ratio:0.75;object-fit:cover;width:591px;height:auto\" srcset=\"https:\/\/www.gmsa.ch\/wp-content\/uploads\/2026\/09\/\u00a9spo.studiophoto-portrait-ronny.jpg-scaled.jpg 1707w, https:\/\/www.gmsa.ch\/wp-content\/uploads\/2026\/09\/\u00a9spo.studiophoto-portrait-ronny.jpg-683x1024.jpg 683w, https:\/\/www.gmsa.ch\/wp-content\/uploads\/2026\/09\/\u00a9spo.studiophoto-portrait-ronny.jpg-200x300.jpg 200w, https:\/\/www.gmsa.ch\/wp-content\/uploads\/2026\/09\/\u00a9spo.studiophoto-portrait-ronny.jpg-767x1151.jpg 767w, https:\/\/www.gmsa.ch\/wp-content\/uploads\/2026\/09\/\u00a9spo.studiophoto-portrait-ronny.jpg-1024x1536.jpg 1024w, https:\/\/www.gmsa.ch\/wp-content\/uploads\/2026\/09\/\u00a9spo.studiophoto-portrait-ronny.jpg-1366x2048.jpg 1366w\" sizes=\"(max-width: 1707px) 100vw, 1707px\" \/><figcaption class=\"wp-element-caption\">Andr\u00e9 Ronny<\/figcaption><\/figure>\n\n\n\n<div class=\"acf-spacer h-[32px] tablet:h-[32px] desktop:h-[40px]\" id=acf-block-6a9a99cd2f8a49.07056486 ><\/div>\n\n        <\/div>\n    <\/div>\n<\/div>\n\n\n<div class=\"acf-tp-column two-third \"id=acf-block-6a9a99cd2f8cf0.98607808>\n    <div class=\"acf-tp-column__box has-vertical-top py-0 px-0 tablet:py-0 tablet:px-0 desktop:px-0 desktop:py-0 \">\n                    <div class=\"acf-tp-column__bg-overlay\" style=\"background: rgba(0, 0, 0, 0)\"><\/div>\n                                <div class=\"acf-tp-column__box-content \">\n            \n\n<h5 id=\"h-aus-der-backstube-0\" class=\"wp-block-heading is-style-font-mark has-terracotta-color has-text-color has-link-color has-18-font-size wp-elements-12\" style=\"text-transform:uppercase\"><strong><strong>Aus der Backstube<\/strong><\/strong><\/h5>\n\n\n\n<div class=\"acf-spacer h-[8px] tablet:h-[8px] desktop:h-[8px]\" id=acf-block-6a9a99cd2f9788.75456935 ><\/div>\n\n\n<h3 id=\"h-anders-erfolgreich-der-mensch-im-mittelpunkt\" class=\"wp-block-heading\" style=\"text-transform:uppercase\"><strong><strong><strong>Anders erfolgreich: Der Mensch im Mittelpunkt<\/strong><\/strong><\/strong><\/h3>\n\n\n\n<div class=\"acf-spacer h-[16px] tablet:h-[16px] desktop:h-[24px]\" id=acf-block-6a9a99cd2fa3f2.77931370 ><\/div>\n\n\n<p class=\"wp-block-paragraph\">Was w\u00e4re, wenn sich der Erfolg eines Unternehmens nicht nur an seinen Ergebnissen messen liesse, sondern auch daran, wie es die Menschen f\u00f6rdert, die t\u00e4glich zu diesem Erfolg beitragen?<\/p>\n\n\n\n<p class=\"wp-block-paragraph\">Am Beispiel von Andr\u00e9 Ronny von der B\u00e4ckerei Ronny in M\u00e9zi\u00e8res entdecken Sie eine unternehmerische Haltung, bei der Leistung, Wissensweitergabe und die Freude am Beruf Hand in Hand gehen.<\/p>\n\n\n        <\/div>\n    <\/div>\n<\/div>\n\n<\/div>\n\n\n\n\n\n    <\/div>\n<\/div>\n\n\n\n\n\n<div class=\"acf-spacer h-[8px] tablet:h-[16px] desktop:h-[24px]\" id=acf-block-66f18d2967a5d ><\/div>\n\n\n<div class=\"acf-container desktop:py-[80px] tablet:py-[64px] py-[48px] \"id=acf-block-656f549df169c>\n            <div class=\"acf-container__bg-overlay\" style=\"background: rgba(231, 231, 231, 1)\"><\/div>\n                <div class=\"container\">\n        \n\n<div class=\"acf-columns cols-gap-default reverse-none justify-start desktop:py-0 tablet:py-0 py-0\"id=acf-block-656e44fd7bcec>\n    \n\n<div class=\"acf-tp-column half \"id=acf-block-6a9a72f40f2fc3.12749694>\n    <div class=\"acf-tp-column__box has-vertical-top py-0 px-0 tablet:py-0 tablet:px-0 desktop:px-0 desktop:py-0 \">\n                    <div class=\"acf-tp-column__bg-overlay\" style=\"background: rgba(0, 0, 0, 0)\"><\/div>\n                                <div class=\"acf-tp-column__box-content \">\n            \n\n<h3 id=\"h-zweimal-jahrlich-veroffentlicht-die-groupe-minoteries-sa-ihr-magazin-gmsa-info-das-uber-die-aktuellen-entwicklungen-und-neuerungen-des-unternehmens-informiert\" class=\"wp-block-heading\" style=\"text-transform:uppercase\">Zweimal j\u00e4hrlich ver\u00f6ffentlicht die Groupe Minoteries SA ihr Magazin GMSA Info, das \u00fcber die aktuellen Entwicklungen und Neuerungen des Unternehmens informiert.<\/h3>\n\n\n\n<div class=\"acf-spacer h-[16px] tablet:h-[16px] desktop:h-[24px]\" id=acf-block-6a9a72f40f3246.28636381 ><\/div>\n\n\n<p class=\"is-style-font-trade-gothic has-black-color has-text-color has-link-color wp-elements-13 wp-block-paragraph\"><br>Finden Sie alle Portr\u00e4ts, Artikel und neuesten Informationen in der Septemberausgabe.<\/p>\n\n\n\n<div class=\"acf-spacer h-[16px] tablet:h-[16px] desktop:h-[24px]\" id=acf-block-6a9a72f40f3430.86501360 ><\/div>\n\n\n    <div class=\"acf-buttons start flex-col\"id=acf-block-656e44fd7bdbd>\n\n        \n                            <a href=\"https:\/\/www.gmsa.ch\/wp-content\/uploads\/2026\/09\/GMSA-Info_Septembre-2026_DE-20260831-01-bd-1.pdf\" target=\"\"\n                   class=\"acf-button__link\">Laden Sie das Magazin herunter<\/a>\n            \n            \n            <\/div>\n\n\n        <\/div>\n    <\/div>\n<\/div>\n\n\n<div class=\"acf-tp-column one-third \"id=acf-block-64f899a481103>\n    <div class=\"acf-tp-column__box has-vertical-top py-0 px-0 tablet:py-0 tablet:px-0 desktop:px-0 desktop:py-0 \">\n                    <div class=\"acf-tp-column__bg-overlay\" style=\"background: rgba(0, 0, 0, 0)\"><\/div>\n                                <div class=\"acf-tp-column__box-content \">\n            \n\n<figure class=\"wp-block-image size-full\"><img decoding=\"async\" width=\"1600\" height=\"2048\" src=\"https:\/\/www.gmsa.ch\/wp-content\/uploads\/2026\/09\/GMSA-info_cover-mockup-de_20260827-01.png\" alt=\"\" class=\"wp-image-16110\" srcset=\"https:\/\/www.gmsa.ch\/wp-content\/uploads\/2026\/09\/GMSA-info_cover-mockup-de_20260827-01.png 1600w, https:\/\/www.gmsa.ch\/wp-content\/uploads\/2026\/09\/GMSA-info_cover-mockup-de_20260827-01-234x300.png 234w, https:\/\/www.gmsa.ch\/wp-content\/uploads\/2026\/09\/GMSA-info_cover-mockup-de_20260827-01-800x1024.png 800w, https:\/\/www.gmsa.ch\/wp-content\/uploads\/2026\/09\/GMSA-info_cover-mockup-de_20260827-01-768x983.png 768w, https:\/\/www.gmsa.ch\/wp-content\/uploads\/2026\/09\/GMSA-info_cover-mockup-de_20260827-01-1200x1536.png 1200w\" sizes=\"(max-width: 1600px) 100vw, 1600px\" \/><\/figure>\n\n\n\n<div class=\"acf-spacer h-[32px] tablet:h-[32px] desktop:h-[32px]\" id=acf-block-656f549df1768 ><\/div>\n\n        <\/div>\n    <\/div>\n<\/div>\n\n<\/div>\n\n\n\n\n\n    <\/div>\n<\/div>\n\n\n","protected":false},"excerpt":{"rendered":"<p>Entdecken Sie Neuigkeiten, Fachwissen und L\u00f6sungen, die unsere Branche bewegen. Von der Ernte 2026 bis zu neuen Entwicklungen f\u00fcr das B\u00e4ckerhandwerk stellt diese Ausgabe die Menschen in den Mittelpunkt, die innovativ denken, Wissen weitergeben und unsere Berufe weiterentwickeln.<\/p>\n","protected":false},"author":7,"featured_media":16108,"comment_status":"closed","ping_status":"open","sticky":true,"template":"","format":"standard","meta":{"_acf_changed":false,"_searchwp_excluded":"","footnotes":""},"categories":[21,79,78,80,81,5,82],"tags":[],"class_list":["post-16185","post","type-post","status-publish","format-standard","has-post-thumbnail","hentry","category-home-de","category-innovation-entwicklung","category-kategorien","category-partnerschaften-zusammenarbeit","category-standorte-infrastrukturen","category-unkategorisiert","category-unternehmensaktivitaeten"],"acf":[],"yoast_head":"<title>Vom Feld bis in die Backstube: Lassen Sie neue Chancen keimen - GMSA<\/title>\n<meta name=\"robots\" content=\"index, follow, max-snippet:-1, max-image-preview:large, max-video-preview:-1\" \/>\n<link rel=\"canonical\" href=\"https:\/\/www.gmsa.ch\/de\/vom-feld-bis-in-die-backstube-lassen-sie-neue-chancen-keimen\/\" \/>\n<meta property=\"og:locale\" content=\"de_DE\" \/>\n<meta property=\"og:type\" content=\"article\" \/>\n<meta property=\"og:title\" content=\"Vom Feld bis in die Backstube: Lassen Sie neue Chancen keimen\" \/>\n<meta property=\"og:description\" content=\"Entdecken Sie Neuigkeiten, Fachwissen und L\u00f6sungen, die unsere Branche bewegen. Von der Ernte 2026 bis zu neuen Entwicklungen f\u00fcr das B\u00e4ckerhandwerk stellt diese Ausgabe die Menschen in den Mittelpunkt, die innovativ denken, Wissen weitergeben und unsere Berufe weiterentwickeln.\" \/>\n<meta property=\"og:url\" content=\"https:\/\/www.gmsa.ch\/de\/vom-feld-bis-in-die-backstube-lassen-sie-neue-chancen-keimen\/\" \/>\n<meta property=\"og:site_name\" content=\"GMSA\" \/>\n<meta property=\"article:published_time\" content=\"2026-09-04T12:37:02+00:00\" \/>\n<meta property=\"og:image\" content=\"https:\/\/www.gmsa.ch\/wp-content\/uploads\/2026\/09\/GMSA-info_composition-magazine_de_20260827-01-1024x492.png\" \/>\n\t<meta property=\"og:image:width\" content=\"1024\" \/>\n\t<meta property=\"og:image:height\" content=\"492\" \/>\n\t<meta property=\"og:image:type\" content=\"image\/png\" \/>\n<meta name=\"author\" content=\"Marielle Pillonel\" \/>\n<meta name=\"twitter:card\" content=\"summary_large_image\" \/>\n<meta name=\"twitter:label1\" content=\"Verfasst von\" \/>\n\t<meta name=\"twitter:data1\" content=\"Marielle Pillonel\" \/>\n\t<meta name=\"twitter:label2\" content=\"Gesch\u00e4tzte Lesezeit\" \/>\n\t<meta name=\"twitter:data2\" content=\"8\u00a0Minuten\" \/>\n<script type=\"application\/ld+json\" class=\"yoast-schema-graph\">{\"@context\":\"https:\\\/\\\/schema.org\",\"@graph\":[{\"@type\":\"Article\",\"@id\":\"https:\\\/\\\/www.gmsa.ch\\\/de\\\/vom-feld-bis-in-die-backstube-lassen-sie-neue-chancen-keimen\\\/#article\",\"isPartOf\":{\"@id\":\"https:\\\/\\\/www.gmsa.ch\\\/de\\\/vom-feld-bis-in-die-backstube-lassen-sie-neue-chancen-keimen\\\/\"},\"author\":{\"name\":\"Marielle Pillonel\",\"@id\":\"https:\\\/\\\/www.gmsa.ch\\\/de\\\/#\\\/schema\\\/person\\\/916284c83c6540352940910406e5483c\"},\"headline\":\"Vom Feld bis in die Backstube: Lassen Sie neue Chancen keimen\",\"datePublished\":\"2026-09-04T12:37:02+00:00\",\"mainEntityOfPage\":{\"@id\":\"https:\\\/\\\/www.gmsa.ch\\\/de\\\/vom-feld-bis-in-die-backstube-lassen-sie-neue-chancen-keimen\\\/\"},\"wordCount\":1102,\"publisher\":{\"@id\":\"https:\\\/\\\/www.gmsa.ch\\\/de\\\/#organization\"},\"image\":{\"@id\":\"https:\\\/\\\/www.gmsa.ch\\\/de\\\/vom-feld-bis-in-die-backstube-lassen-sie-neue-chancen-keimen\\\/#primaryimage\"},\"thumbnailUrl\":\"https:\\\/\\\/www.gmsa.ch\\\/wp-content\\\/uploads\\\/2026\\\/09\\\/GMSA-info_composition-magazine_de_20260827-01-scaled.png\",\"articleSection\":[\"Home\",\"Innovation &amp; Entwicklung\",\"Kategorien\",\"Partnerschaften &amp; Zusammenarbeit\",\"Standorte &amp; Infrastrukturen\",\"Unkategorisiert\",\"Unternehmensaktivit\u00e4ten\"],\"inLanguage\":\"de\"},{\"@type\":\"WebPage\",\"@id\":\"https:\\\/\\\/www.gmsa.ch\\\/de\\\/vom-feld-bis-in-die-backstube-lassen-sie-neue-chancen-keimen\\\/\",\"url\":\"https:\\\/\\\/www.gmsa.ch\\\/de\\\/vom-feld-bis-in-die-backstube-lassen-sie-neue-chancen-keimen\\\/\",\"name\":\"Vom Feld bis in die Backstube: Lassen Sie neue Chancen keimen - GMSA\",\"isPartOf\":{\"@id\":\"https:\\\/\\\/www.gmsa.ch\\\/de\\\/#website\"},\"primaryImageOfPage\":{\"@id\":\"https:\\\/\\\/www.gmsa.ch\\\/de\\\/vom-feld-bis-in-die-backstube-lassen-sie-neue-chancen-keimen\\\/#primaryimage\"},\"image\":{\"@id\":\"https:\\\/\\\/www.gmsa.ch\\\/de\\\/vom-feld-bis-in-die-backstube-lassen-sie-neue-chancen-keimen\\\/#primaryimage\"},\"thumbnailUrl\":\"https:\\\/\\\/www.gmsa.ch\\\/wp-content\\\/uploads\\\/2026\\\/09\\\/GMSA-info_composition-magazine_de_20260827-01-scaled.png\",\"datePublished\":\"2026-09-04T12:37:02+00:00\",\"breadcrumb\":{\"@id\":\"https:\\\/\\\/www.gmsa.ch\\\/de\\\/vom-feld-bis-in-die-backstube-lassen-sie-neue-chancen-keimen\\\/#breadcrumb\"},\"inLanguage\":\"de\",\"potentialAction\":[{\"@type\":\"ReadAction\",\"target\":[\"https:\\\/\\\/www.gmsa.ch\\\/de\\\/vom-feld-bis-in-die-backstube-lassen-sie-neue-chancen-keimen\\\/\"]}]},{\"@type\":\"ImageObject\",\"inLanguage\":\"de\",\"@id\":\"https:\\\/\\\/www.gmsa.ch\\\/de\\\/vom-feld-bis-in-die-backstube-lassen-sie-neue-chancen-keimen\\\/#primaryimage\",\"url\":\"https:\\\/\\\/www.gmsa.ch\\\/wp-content\\\/uploads\\\/2026\\\/09\\\/GMSA-info_composition-magazine_de_20260827-01-scaled.png\",\"contentUrl\":\"https:\\\/\\\/www.gmsa.ch\\\/wp-content\\\/uploads\\\/2026\\\/09\\\/GMSA-info_composition-magazine_de_20260827-01-scaled.png\",\"width\":2560,\"height\":1230},{\"@type\":\"BreadcrumbList\",\"@id\":\"https:\\\/\\\/www.gmsa.ch\\\/de\\\/vom-feld-bis-in-die-backstube-lassen-sie-neue-chancen-keimen\\\/#breadcrumb\",\"itemListElement\":[{\"@type\":\"ListItem\",\"position\":1,\"name\":\"Home\",\"item\":\"https:\\\/\\\/www.gmsa.ch\\\/de\\\/\"},{\"@type\":\"ListItem\",\"position\":2,\"name\":\"Vom Feld bis in die Backstube: Lassen Sie neue Chancen keimen\"}]},{\"@type\":\"WebSite\",\"@id\":\"https:\\\/\\\/www.gmsa.ch\\\/de\\\/#website\",\"url\":\"https:\\\/\\\/www.gmsa.ch\\\/de\\\/\",\"name\":\"GMSA\",\"description\":\"\",\"publisher\":{\"@id\":\"https:\\\/\\\/www.gmsa.ch\\\/de\\\/#organization\"},\"potentialAction\":[{\"@type\":\"SearchAction\",\"target\":{\"@type\":\"EntryPoint\",\"urlTemplate\":\"https:\\\/\\\/www.gmsa.ch\\\/de\\\/?s={search_term_string}\"},\"query-input\":{\"@type\":\"PropertyValueSpecification\",\"valueRequired\":true,\"valueName\":\"search_term_string\"}}],\"inLanguage\":\"de\"},{\"@type\":\"Organization\",\"@id\":\"https:\\\/\\\/www.gmsa.ch\\\/de\\\/#organization\",\"name\":\"GMSA\",\"url\":\"https:\\\/\\\/www.gmsa.ch\\\/de\\\/\",\"logo\":{\"@type\":\"ImageObject\",\"inLanguage\":\"de\",\"@id\":\"https:\\\/\\\/www.gmsa.ch\\\/de\\\/#\\\/schema\\\/logo\\\/image\\\/\",\"url\":\"https:\\\/\\\/www.gmsa.ch\\\/wp-content\\\/uploads\\\/2023\\\/08\\\/white-logo.svg\",\"contentUrl\":\"https:\\\/\\\/www.gmsa.ch\\\/wp-content\\\/uploads\\\/2023\\\/08\\\/white-logo.svg\",\"width\":184,\"height\":49,\"caption\":\"GMSA\"},\"image\":{\"@id\":\"https:\\\/\\\/www.gmsa.ch\\\/de\\\/#\\\/schema\\\/logo\\\/image\\\/\"},\"sameAs\":[\"https:\\\/\\\/www.linkedin.com\\\/company\\\/groupe-minoteries-sa\"]},{\"@type\":\"Person\",\"@id\":\"https:\\\/\\\/www.gmsa.ch\\\/de\\\/#\\\/schema\\\/person\\\/916284c83c6540352940910406e5483c\",\"name\":\"Marielle Pillonel\",\"image\":{\"@type\":\"ImageObject\",\"inLanguage\":\"de\",\"@id\":\"https:\\\/\\\/secure.gravatar.com\\\/avatar\\\/7103cb04e4606452b763abeadeb2803ba2d5fbe19a8dcd007c971472080414d4?s=96&d=mm&r=g\",\"url\":\"https:\\\/\\\/secure.gravatar.com\\\/avatar\\\/7103cb04e4606452b763abeadeb2803ba2d5fbe19a8dcd007c971472080414d4?s=96&d=mm&r=g\",\"contentUrl\":\"https:\\\/\\\/secure.gravatar.com\\\/avatar\\\/7103cb04e4606452b763abeadeb2803ba2d5fbe19a8dcd007c971472080414d4?s=96&d=mm&r=g\",\"caption\":\"Marielle Pillonel\"},\"url\":\"https:\\\/\\\/www.gmsa.ch\\\/de\\\/author\\\/marielle-pillonel\\\/\"}]}<\/script>","yoast_head_json":{"title":"Vom Feld bis in die Backstube: Lassen Sie neue Chancen keimen - GMSA","robots":{"index":"index","follow":"follow","max-snippet":"max-snippet:-1","max-image-preview":"max-image-preview:large","max-video-preview":"max-video-preview:-1"},"canonical":"https:\/\/www.gmsa.ch\/de\/vom-feld-bis-in-die-backstube-lassen-sie-neue-chancen-keimen\/","og_locale":"de_DE","og_type":"article","og_title":"Vom Feld bis in die Backstube: Lassen Sie neue Chancen keimen","og_description":"Entdecken Sie Neuigkeiten, Fachwissen und L\u00f6sungen, die unsere Branche bewegen. Von der Ernte 2026 bis zu neuen Entwicklungen f\u00fcr das B\u00e4ckerhandwerk stellt diese Ausgabe die Menschen in den Mittelpunkt, die innovativ denken, Wissen weitergeben und unsere Berufe weiterentwickeln.","og_url":"https:\/\/www.gmsa.ch\/de\/vom-feld-bis-in-die-backstube-lassen-sie-neue-chancen-keimen\/","og_site_name":"GMSA","article_published_time":"2026-09-04T12:37:02+00:00","og_image":[{"width":1024,"height":492,"url":"https:\/\/www.gmsa.ch\/wp-content\/uploads\/2026\/09\/GMSA-info_composition-magazine_de_20260827-01-1024x492.png","type":"image\/png"}],"author":"Marielle Pillonel","twitter_card":"summary_large_image","twitter_misc":{"Verfasst von":"Marielle Pillonel","Gesch\u00e4tzte Lesezeit":"8\u00a0Minuten"},"schema":{"@context":"https:\/\/schema.org","@graph":[{"@type":"Article","@id":"https:\/\/www.gmsa.ch\/de\/vom-feld-bis-in-die-backstube-lassen-sie-neue-chancen-keimen\/#article","isPartOf":{"@id":"https:\/\/www.gmsa.ch\/de\/vom-feld-bis-in-die-backstube-lassen-sie-neue-chancen-keimen\/"},"author":{"name":"Marielle Pillonel","@id":"https:\/\/www.gmsa.ch\/de\/#\/schema\/person\/916284c83c6540352940910406e5483c"},"headline":"Vom Feld bis in die Backstube: Lassen Sie neue Chancen keimen","datePublished":"2026-09-04T12:37:02+00:00","mainEntityOfPage":{"@id":"https:\/\/www.gmsa.ch\/de\/vom-feld-bis-in-die-backstube-lassen-sie-neue-chancen-keimen\/"},"wordCount":1102,"publisher":{"@id":"https:\/\/www.gmsa.ch\/de\/#organization"},"image":{"@id":"https:\/\/www.gmsa.ch\/de\/vom-feld-bis-in-die-backstube-lassen-sie-neue-chancen-keimen\/#primaryimage"},"thumbnailUrl":"https:\/\/www.gmsa.ch\/wp-content\/uploads\/2026\/09\/GMSA-info_composition-magazine_de_20260827-01-scaled.png","articleSection":["Home","Innovation &amp; Entwicklung","Kategorien","Partnerschaften &amp; Zusammenarbeit","Standorte &amp; Infrastrukturen","Unkategorisiert","Unternehmensaktivit\u00e4ten"],"inLanguage":"de"},{"@type":"WebPage","@id":"https:\/\/www.gmsa.ch\/de\/vom-feld-bis-in-die-backstube-lassen-sie-neue-chancen-keimen\/","url":"https:\/\/www.gmsa.ch\/de\/vom-feld-bis-in-die-backstube-lassen-sie-neue-chancen-keimen\/","name":"Vom Feld bis in die Backstube: Lassen Sie neue Chancen keimen - GMSA","isPartOf":{"@id":"https:\/\/www.gmsa.ch\/de\/#website"},"primaryImageOfPage":{"@id":"https:\/\/www.gmsa.ch\/de\/vom-feld-bis-in-die-backstube-lassen-sie-neue-chancen-keimen\/#primaryimage"},"image":{"@id":"https:\/\/www.gmsa.ch\/de\/vom-feld-bis-in-die-backstube-lassen-sie-neue-chancen-keimen\/#primaryimage"},"thumbnailUrl":"https:\/\/www.gmsa.ch\/wp-content\/uploads\/2026\/09\/GMSA-info_composition-magazine_de_20260827-01-scaled.png","datePublished":"2026-09-04T12:37:02+00:00","breadcrumb":{"@id":"https:\/\/www.gmsa.ch\/de\/vom-feld-bis-in-die-backstube-lassen-sie-neue-chancen-keimen\/#breadcrumb"},"inLanguage":"de","potentialAction":[{"@type":"ReadAction","target":["https:\/\/www.gmsa.ch\/de\/vom-feld-bis-in-die-backstube-lassen-sie-neue-chancen-keimen\/"]}]},{"@type":"ImageObject","inLanguage":"de","@id":"https:\/\/www.gmsa.ch\/de\/vom-feld-bis-in-die-backstube-lassen-sie-neue-chancen-keimen\/#primaryimage","url":"https:\/\/www.gmsa.ch\/wp-content\/uploads\/2026\/09\/GMSA-info_composition-magazine_de_20260827-01-scaled.png","contentUrl":"https:\/\/www.gmsa.ch\/wp-content\/uploads\/2026\/09\/GMSA-info_composition-magazine_de_20260827-01-scaled.png","width":2560,"height":1230},{"@type":"BreadcrumbList","@id":"https:\/\/www.gmsa.ch\/de\/vom-feld-bis-in-die-backstube-lassen-sie-neue-chancen-keimen\/#breadcrumb","itemListElement":[{"@type":"ListItem","position":1,"name":"Home","item":"https:\/\/www.gmsa.ch\/de\/"},{"@type":"ListItem","position":2,"name":"Vom Feld bis in die Backstube: Lassen Sie neue Chancen keimen"}]},{"@type":"WebSite","@id":"https:\/\/www.gmsa.ch\/de\/#website","url":"https:\/\/www.gmsa.ch\/de\/","name":"GMSA","description":"","publisher":{"@id":"https:\/\/www.gmsa.ch\/de\/#organization"},"potentialAction":[{"@type":"SearchAction","target":{"@type":"EntryPoint","urlTemplate":"https:\/\/www.gmsa.ch\/de\/?s={search_term_string}"},"query-input":{"@type":"PropertyValueSpecification","valueRequired":true,"valueName":"search_term_string"}}],"inLanguage":"de"},{"@type":"Organization","@id":"https:\/\/www.gmsa.ch\/de\/#organization","name":"GMSA","url":"https:\/\/www.gmsa.ch\/de\/","logo":{"@type":"ImageObject","inLanguage":"de","@id":"https:\/\/www.gmsa.ch\/de\/#\/schema\/logo\/image\/","url":"https:\/\/www.gmsa.ch\/wp-content\/uploads\/2023\/08\/white-logo.svg","contentUrl":"https:\/\/www.gmsa.ch\/wp-content\/uploads\/2023\/08\/white-logo.svg","width":184,"height":49,"caption":"GMSA"},"image":{"@id":"https:\/\/www.gmsa.ch\/de\/#\/schema\/logo\/image\/"},"sameAs":["https:\/\/www.linkedin.com\/company\/groupe-minoteries-sa"]},{"@type":"Person","@id":"https:\/\/www.gmsa.ch\/de\/#\/schema\/person\/916284c83c6540352940910406e5483c","name":"Marielle Pillonel","image":{"@type":"ImageObject","inLanguage":"de","@id":"https:\/\/secure.gravatar.com\/avatar\/7103cb04e4606452b763abeadeb2803ba2d5fbe19a8dcd007c971472080414d4?s=96&d=mm&r=g","url":"https:\/\/secure.gravatar.com\/avatar\/7103cb04e4606452b763abeadeb2803ba2d5fbe19a8dcd007c971472080414d4?s=96&d=mm&r=g","contentUrl":"https:\/\/secure.gravatar.com\/avatar\/7103cb04e4606452b763abeadeb2803ba2d5fbe19a8dcd007c971472080414d4?s=96&d=mm&r=g","caption":"Marielle Pillonel"},"url":"https:\/\/www.gmsa.ch\/de\/author\/marielle-pillonel\/"}]}},"_links":{"self":[{"href":"https:\/\/www.gmsa.ch\/de\/wp-json\/wp\/v2\/posts\/16185","targetHints":{"allow":["GET"]}}],"collection":[{"href":"https:\/\/www.gmsa.ch\/de\/wp-json\/wp\/v2\/posts"}],"about":[{"href":"https:\/\/www.gmsa.ch\/de\/wp-json\/wp\/v2\/types\/post"}],"author":[{"embeddable":true,"href":"https:\/\/www.gmsa.ch\/de\/wp-json\/wp\/v2\/users\/7"}],"replies":[{"embeddable":true,"href":"https:\/\/www.gmsa.ch\/de\/wp-json\/wp\/v2\/comments?post=16185"}],"version-history":[{"count":26,"href":"https:\/\/www.gmsa.ch\/de\/wp-json\/wp\/v2\/posts\/16185\/revisions"}],"predecessor-version":[{"id":16220,"href":"https:\/\/www.gmsa.ch\/de\/wp-json\/wp\/v2\/posts\/16185\/revisions\/16220"}],"wp:attachment":[{"href":"https:\/\/www.gmsa.ch\/de\/wp-json\/wp\/v2\/media?parent=16185"}],"wp:term":[{"taxonomy":"category","embeddable":true,"href":"https:\/\/www.gmsa.ch\/de\/wp-json\/wp\/v2\/categories?post=16185"},{"taxonomy":"post_tag","embeddable":true,"href":"https:\/\/www.gmsa.ch\/de\/wp-json\/wp\/v2\/tags?post=16185"}],"curies":[{"name":"wp","href":"https:\/\/api.w.org\/{rel}","templated":true}]}}