{"id":15996,"date":"2026-08-27T08:12:50","date_gmt":"2026-08-27T07:12:50","guid":{"rendered":"https:\/\/www.gmsa.ch\/?p=15996"},"modified":"2026-08-27T08:16:13","modified_gmt":"2026-08-27T07:16:13","slug":"nebenprodukte-sinnvoll-weiterverwerten-unser-upcycling-ansatz-wird-von-promarca-ausgezeichnet","status":"publish","type":"post","link":"https:\/\/www.gmsa.ch\/de\/nebenprodukte-sinnvoll-weiterverwerten-unser-upcycling-ansatz-wird-von-promarca-ausgezeichnet\/","title":{"rendered":"Nebenprodukte sinnvoll weiterverwerten: Unser Upcycling-Ansatz wird von ProMarca ausgezeichnet"},"content":{"rendered":"\n<figure class=\"wp-block-image\"><img decoding=\"async\" src=\"https:\/\/www.gmsa.ch\/wp-content\/uploads\/2023\/10\/round-small-logo.svg\" alt=\"Ic\u00f4ne du site\"\/><\/figure>\n\n\n\n<div class=\"acf-container desktop:py-0 tablet:py-0 py-0 \"id=acf-block-64f899a480879>\n            <div class=\"acf-container__bg-overlay\" style=\"background: rgba(0, 0, 0, 0)\"><\/div>\n                <div class=\"container\">\n        \n\n<div class=\"acf-columns cols-gap-default reverse-none justify-start desktop:py-0 tablet:py-0 py-0\"id=acf-block-64f848fc822f3>\n    \n\n<div class=\"acf-tp-column two-third \"id=acf-block-64f848fc8230f>\n    <div class=\"acf-tp-column__box has-vertical-top py-0 px-0 tablet:py-0 tablet:px-0 desktop:px-0 desktop:py-0 \">\n                    <div class=\"acf-tp-column__bg-overlay\" style=\"background: rgba(0, 0, 0, 0)\"><\/div>\n                                <div class=\"acf-tp-column__box-content \">\n            \n\n<p class=\"has-32-font-size wp-block-paragraph\"><strong><strong>Der 2. Platz beim Promarca Brand Sustainability Award 2026 w\u00fcrdigt den Ansatz der Groupe Minoteries SA f\u00fcr eine st\u00e4rker kreislauforientierte Ern\u00e4hrung<\/strong><\/strong><\/p>\n\n\n\n<div class=\"acf-spacer h-[64px] tablet:h-[80px] desktop:h-[120px]\" id=acf-block-64f899a48092f ><\/div>\n\n        <\/div>\n    <\/div>\n<\/div>\n\n<\/div>\n\n\n\n\n\n    <\/div>\n<\/div>\n\n\n\n\n\n<div class=\"acf-container desktop:py-0 tablet:py-0 py-0 \"id=acf-block-6501c30338698>\n            <div class=\"acf-container__bg-overlay\" style=\"background: rgba(0, 0, 0, 0)\"><\/div>\n                <div class=\"container\">\n        \n\n<div class=\"acf-columns cols-gap-default reverse-none justify-between desktop:py-0 tablet:py-0 py-0\"id=acf-block-64f73707a9213>\n    \n\n<div class=\"acf-tp-column two-third \"id=acf-block-64f73707a9255>\n    <div class=\"acf-tp-column__box has-vertical-top py-0 px-0 tablet:py-0 tablet:px-0 desktop:px-0 desktop:py-0 \">\n                    <div class=\"acf-tp-column__bg-overlay\" style=\"background: rgba(0, 0, 0, 0)\"><\/div>\n                                <div class=\"acf-tp-column__box-content \">\n            \n\n<h3 id=\"h-eine-auszeichnung-die-die-verwertung-von-lebensmittelnebenprodukten-wurdigt\" class=\"wp-block-heading\" style=\"text-transform:uppercase\"><strong><strong><strong><strong><strong><strong><strong><strong><strong>Eine Auszeichnung, die die Verwertung von Lebensmittelnebenprodukten w\u00fcrdigt<\/strong><\/strong><\/strong><\/strong><\/strong><\/strong><\/strong><\/strong><\/strong><\/h3>\n\n\n\n<div class=\"acf-spacer h-[16px] tablet:h-[16px] desktop:h-[24px]\" id=acf-block-6a8d8cf1cac8c3.36704739 ><\/div>\n\n\n<p class=\"wp-block-paragraph\">Wie lassen sich Nebenprodukte aus der Lebensmittelverarbeitung sinnvoll weiterverwerten und gleichzeitig konkrete Mehrwerte f\u00fcr unsere Kunden schaffen? Auf dieser Grundlage entwickeln wir unsere Bem\u00fchungen im Bereich Upcycling seit mehreren Jahren kontinuierlich weiter.<\/p>\n\n\n\n<p class=\"wp-block-paragraph\">Am 24. August 2026 wurde dieses Engagement mit dem geteilten <strong>2. Platz beim ProMarca Brand Sustainability Award 2026<\/strong> ausgezeichnet \u2013 gemeinsam mit Barilla Schweiz. Eine grossartige Best\u00e4tigung f\u00fcr unser Projekt, bei dem Nebenprodukte aus der Lebensmittelverarbeitung zu funktionellen Zutaten f\u00fcr die B\u00e4ckerei und Lebensmittelindustrie weiterverarbeitet werden.<\/p>\n\n\n        <\/div>\n    <\/div>\n<\/div>\n\n\n<div class=\"acf-tp-column one-third \"id=acf-block-64f73707a922b>\n    <div class=\"acf-tp-column__box has-vertical-top py-0 px-0 tablet:py-0 tablet:px-0 desktop:px-0 desktop:py-0 \">\n                    <div class=\"acf-tp-column__bg-overlay\" style=\"background: rgba(0, 0, 0, 0)\"><\/div>\n                                <div class=\"acf-tp-column__box-content \">\n            \n\n<figure class=\"wp-block-image size-full\"><img decoding=\"async\" width=\"1920\" height=\"2560\" src=\"https:\/\/www.gmsa.ch\/wp-content\/uploads\/2026\/08\/2.-Fabiano-DAmico-Valerie-Vincent-Groupes-Minoteries-SA-1-scaled.jpeg\" alt=\"\" class=\"wp-image-15998\" style=\"aspect-ratio:0.75;object-fit:cover\" srcset=\"https:\/\/www.gmsa.ch\/wp-content\/uploads\/2026\/08\/2.-Fabiano-DAmico-Valerie-Vincent-Groupes-Minoteries-SA-1-scaled.jpeg 1920w, https:\/\/www.gmsa.ch\/wp-content\/uploads\/2026\/08\/2.-Fabiano-DAmico-Valerie-Vincent-Groupes-Minoteries-SA-1-225x300.jpeg 225w, https:\/\/www.gmsa.ch\/wp-content\/uploads\/2026\/08\/2.-Fabiano-DAmico-Valerie-Vincent-Groupes-Minoteries-SA-1-768x1024-1.jpeg 768w, https:\/\/www.gmsa.ch\/wp-content\/uploads\/2026\/08\/2.-Fabiano-DAmico-Valerie-Vincent-Groupes-Minoteries-SA-1-1152x1536.jpeg 1152w, https:\/\/www.gmsa.ch\/wp-content\/uploads\/2026\/08\/2.-Fabiano-DAmico-Valerie-Vincent-Groupes-Minoteries-SA-1-1536x2048.jpeg 1536w\" sizes=\"(max-width: 1920px) 100vw, 1920px\" \/><figcaption class=\"wp-element-caption\">Fabiano D&#8217;Amico und Val\u00e9rie Vincent bei der Verleihung des <strong>2. Preises des ProMarca Brand Sustainability Award 2026<\/strong>.<\/figcaption><\/figure>\n\n\n\n<div class=\"acf-spacer h-[32px] tablet:h-[32px] desktop:h-[40px]\" id=acf-block-64f73707a923d ><\/div>\n\n        <\/div>\n    <\/div>\n<\/div>\n\n<\/div>\n\n\n\n\n\n    <\/div>\n<\/div>\n\n\n\n\n\n<div class=\"acf-spacer h-[32px] tablet:h-[40px] desktop:h-[48px]\" id=acf-block-69b9618747907 ><\/div>\n\n\n<div class=\"acf-container desktop:py-0 tablet:py-0 py-0 \"id=acf-block-6a8d8cf1cad0c3.45675343>\n            <div class=\"acf-container__bg-overlay\" style=\"background: rgba(0, 0, 0, 0)\"><\/div>\n                <div class=\"container\">\n        \n\n<div class=\"acf-columns cols-gap-default reverse-none justify-between desktop:py-0 tablet:py-0 py-0\"id=acf-block-6a8d8cf1cad2d0.86950727>\n    \n\n<div class=\"acf-tp-column one-third \"id=acf-block-6a8d8cf1cad631.08431837>\n    <div class=\"acf-tp-column__box has-vertical-top py-0 px-0 tablet:py-0 tablet:px-0 desktop:px-0 desktop:py-0 \">\n                    <div class=\"acf-tp-column__bg-overlay\" style=\"background: rgba(0, 0, 0, 0)\"><\/div>\n                                <div class=\"acf-tp-column__box-content \">\n            \n\n<figure class=\"wp-block-image size-full\"><img decoding=\"async\" width=\"2560\" height=\"1440\" src=\"https:\/\/www.gmsa.ch\/wp-content\/uploads\/2025\/03\/durabilite_01-title_FR-scaled.jpg\" alt=\"\" class=\"wp-image-12666\" srcset=\"https:\/\/www.gmsa.ch\/wp-content\/uploads\/2025\/03\/durabilite_01-title_FR-scaled.jpg 2560w, https:\/\/www.gmsa.ch\/wp-content\/uploads\/2025\/03\/durabilite_01-title_FR-300x169.jpg 300w, https:\/\/www.gmsa.ch\/wp-content\/uploads\/2025\/03\/durabilite_01-title_FR-1024x576.jpg 1024w, https:\/\/www.gmsa.ch\/wp-content\/uploads\/2025\/03\/durabilite_01-title_FR-768x432.jpg 768w, https:\/\/www.gmsa.ch\/wp-content\/uploads\/2025\/03\/durabilite_01-title_FR-1536x864.jpg 1536w, https:\/\/www.gmsa.ch\/wp-content\/uploads\/2025\/03\/durabilite_01-title_FR-2048x1152.jpg 2048w\" sizes=\"(max-width: 2560px) 100vw, 2560px\" \/><figcaption class=\"wp-element-caption\">GMSA: Unser Upcycling-Ansatz<\/figcaption><\/figure>\n\n\n\n<div class=\"acf-spacer h-[32px] tablet:h-[32px] desktop:h-[40px]\" id=acf-block-6a8d8cf1cad9d4.01453825 ><\/div>\n\n        <\/div>\n    <\/div>\n<\/div>\n\n\n<div class=\"acf-tp-column two-third \"id=acf-block-6a8d8cf1cadc75.94473359>\n    <div class=\"acf-tp-column__box has-vertical-top py-0 px-0 tablet:py-0 tablet:px-0 desktop:px-0 desktop:py-0 \">\n                    <div class=\"acf-tp-column__bg-overlay\" style=\"background: rgba(0, 0, 0, 0)\"><\/div>\n                                <div class=\"acf-tp-column__box-content \">\n            \n\n<h3 id=\"h-vom-nebenprodukt-zur-funktionellen-zutat\" class=\"wp-block-heading\" style=\"text-transform:uppercase\"><strong><strong>Vom Nebenprodukt zur funktionellen Zutat<\/strong><\/strong><\/h3>\n\n\n\n<div class=\"acf-spacer h-[16px] tablet:h-[16px] desktop:h-[24px]\" id=acf-block-6a8d8cf1cade78.33585246 ><\/div>\n\n\n<p class=\"wp-block-paragraph\">Weizenkleie aus der M\u00fcllerei, Treber aus dem Bierbrauprozess oder die bei der Herstellung von Erbsenproteinkonzentraten anfallende St\u00e4rkefraktion: Diese Materialien verf\u00fcgen \u00fcber interessante ern\u00e4hrungsphysiologische, geschmackliche oder technologische Eigenschaften, werden jedoch bislang noch zu wenig f\u00fcr die menschliche Ern\u00e4hrung genutzt.<\/p>\n\n\n\n<p class=\"wp-block-paragraph\">Unser Engagement besteht darin, ihnen einen neuen Wert zu verleihen, indem wir sie zu funktionellen Zutaten verarbeiten, die sich einfach in die Produktionsprozesse unserer Kunden integrieren lassen.<\/p>\n\n\n\n<p class=\"wp-block-paragraph\">Konkret hat dieser Ansatz zur Entwicklung von drei L\u00f6sungen gef\u00fchrt:<\/p>\n\n\n\n<ul class=\"wp-block-list\">\n<li><strong>Konzentrat Gourmet Vollkorn IP-SUISSE<\/strong>, hergestellt auf Basis von Weizenkleie;<\/li>\n\n\n\n<li><strong>Granulat Erbse IP-SUISSE<\/strong>, hergestellt aus der St\u00e4rkefraktion, die als Nebenprodukt bei der Produktion von Erbsenproteinkonzentraten anf\u00e4llt;<\/li>\n\n\n\n<li><strong>Assemblage Braumeister Swissness<\/strong>, entwickelt auf Basis von Biertreber.<\/li>\n<\/ul>\n\n\n\n<p class=\"wp-block-paragraph\">Drei sekund\u00e4re Rohstoffe, drei konkrete Anwendungen \u2013 aber ein gemeinsames Prinzip: Ressourcen schonen und gleichzeitig einen konkreten Mehrwert im Endprodukt schaffen.<\/p>\n\n\n        <\/div>\n    <\/div>\n<\/div>\n\n<\/div>\n\n\n\n\n\n    <\/div>\n<\/div>\n\n\n\n\n\n<div class=\"acf-spacer h-[32px] tablet:h-[40px] desktop:h-[48px]\" id=acf-block-69b96b6fa6642 ><\/div>\n\n\n<div class=\"acf-container desktop:py-0 tablet:py-0 py-0 \"id=acf-block-6a8d8cf1cae1d1.37920222>\n            <div class=\"acf-container__bg-overlay\" style=\"background: rgba(0, 0, 0, 0)\"><\/div>\n                <div class=\"container\">\n        \n\n<div class=\"acf-columns cols-gap-default reverse-none justify-between desktop:py-0 tablet:py-0 py-0\"id=acf-block-6a8d8cf1cae3c9.50272779>\n    \n\n<div class=\"acf-tp-column two-third \"id=acf-block-6a8d8cf1cae643.20527121>\n    <div class=\"acf-tp-column__box has-vertical-top py-0 px-0 tablet:py-0 tablet:px-0 desktop:px-0 desktop:py-0 \">\n                    <div class=\"acf-tp-column__bg-overlay\" style=\"background: rgba(0, 0, 0, 0)\"><\/div>\n                                <div class=\"acf-tp-column__box-content \">\n            \n\n<h3 id=\"h-eine-losung-muss-auch-den-anforderungen-des-alltags-gerecht-werden\" class=\"wp-block-heading\" style=\"text-transform:uppercase\"><strong><strong><strong><strong><strong><strong><strong><strong><strong><strong>Eine L\u00f6sung muss auch den Anforderungen des Alltags gerecht werden.<\/strong><\/strong><\/strong><\/strong><\/strong><\/strong><\/strong><\/strong><\/strong><\/strong><\/h3>\n\n\n\n<div class=\"acf-spacer h-[16px] tablet:h-[16px] desktop:h-[24px]\" id=acf-block-6a8d8cf1cae876.60634820 ><\/div>\n\n\n<p class=\"wp-block-paragraph\">F\u00fcr die GMSA kann Upcycling nicht bei der blossen Verwertung eines Nebenprodukts enden. Damit eine L\u00f6sung langfristig eingesetzt wird, muss sie auch den t\u00e4glichen Anforderungen von B\u00e4ckereien und Lebensmittelherstellern gerecht werden: Qualit\u00e4t, Funktionalit\u00e4t, Geschmack, Ausbeute und einfache Anwendung.<\/p>\n\n\n\n<p class=\"wp-block-paragraph\">Deshalb werden unsere Zutaten unter realen Backbedingungen in unserer Versuchsb\u00e4ckerei entwickelt und getestet, dies, um ihre Leistungsf\u00e4higkeit im Endprodukt zu beurteilen.<\/p>\n\n\n\n<ul class=\"wp-block-list\">\n<li>Das <strong>Konzentrat Gourmet Vollkorn IP-SUISSE<\/strong> tr\u00e4gt unter anderem zum Brotvolumen, zum Ballaststoffgehalt, zum Geschmack und zur Frischhaltung bei.<\/li>\n\n\n\n<li>Das <strong>Granulat Erbse IP-SUISSE<\/strong> verbessert die Teigausbeute und tr\u00e4gt zu milden, weichen Broten mit knuspriger Kruste bei.<\/li>\n\n\n\n<li>Die <strong>Assemblage Braumeister Swissness<\/strong> wiederum wertet proteinreichen und ballaststoffhaltigen Biertreber auf und verleiht den Produkten gleichzeitig ein charakteristisches Aromaprofil.<\/li>\n<\/ul>\n\n\n\n<p class=\"wp-block-paragraph\">Je nach Anwendung erm\u00f6glichen diese L\u00f6sungen die Integration von <strong>bis zu 12 % aufgewerteten Nebenprodukten<\/strong> in neue Rezepturen. Sie sind <strong>100 % Clean Label<\/strong>, und bei bestimmten Anwendungen l\u00e4sst sich die Ausbeute um <strong>bis zu 10 %<\/strong> steigern.<\/p>\n\n\n        <\/div>\n    <\/div>\n<\/div>\n\n\n<div class=\"acf-tp-column one-third \"id=acf-block-6a8d8cf1caeaf1.42845499>\n    <div class=\"acf-tp-column__box has-vertical-top py-0 px-0 tablet:py-0 tablet:px-0 desktop:px-0 desktop:py-0 \">\n                    <div class=\"acf-tp-column__bg-overlay\" style=\"background: rgba(0, 0, 0, 0)\"><\/div>\n                                <div class=\"acf-tp-column__box-content \">\n            \n\n<figure class=\"wp-block-image size-full is-resized\"><img decoding=\"async\" width=\"513\" height=\"621\" src=\"https:\/\/www.gmsa.ch\/wp-content\/uploads\/2025\/04\/Assemblage-du-Drecheur-SN.png\" alt=\"\" class=\"wp-image-12786\" style=\"aspect-ratio:0.75;object-fit:cover;width:582px;height:auto\" srcset=\"https:\/\/www.gmsa.ch\/wp-content\/uploads\/2025\/04\/Assemblage-du-Drecheur-SN.png 513w, https:\/\/www.gmsa.ch\/wp-content\/uploads\/2025\/04\/Assemblage-du-Drecheur-SN-248x300.png 248w\" sizes=\"(max-width: 513px) 100vw, 513px\" \/><figcaption class=\"wp-element-caption\">Brot mit Konzentrat Gourmet Vollkorn IP-SUISSE<\/figcaption><\/figure>\n\n\n\n<div class=\"acf-spacer h-[32px] tablet:h-[32px] desktop:h-[40px]\" id=acf-block-6a8d8cf1caed21.41244570 ><\/div>\n\n        <\/div>\n    <\/div>\n<\/div>\n\n<\/div>\n\n\n\n\n\n    <\/div>\n<\/div>\n\n\n\n\n\n<div class=\"acf-container desktop:py-[40px] tablet:py-[32px] py-[24px] \"id=acf-block-6a8d8cf1caef16.47699072>\n            <div class=\"acf-container__bg-overlay\" style=\"background: rgba(0, 0, 0, 0)\"><\/div>\n                <div class=\"container\">\n        \n\n<div class=\"acf-columns cols-gap-default reverse-desktop justify-between desktop:py-[40px] tablet:py-[32px] py-[24px]\"id=acf-block-6a8d8cf1caf0f4.24617999>\n    \n\n<div class=\"acf-tp-column two-third \"id=acf-block-6a8d8cf1caf3b7.37451918>\n    <div class=\"acf-tp-column__box has-vertical-top py-0 px-0 tablet:py-0 tablet:px-0 desktop:px-0 desktop:py-0 \">\n                    <div class=\"acf-tp-column__bg-overlay\" style=\"background: rgba(0, 0, 0, 0)\"><\/div>\n                                <div class=\"acf-tp-column__box-content \">\n            \n\n<h3 id=\"h-kreislaufwirtschaft-die-sich-in-bestehende-wertschopfungsketten-integrieren-lasst\" class=\"wp-block-heading\" style=\"text-transform:uppercase\"><strong><strong><strong><strong><strong><strong><strong><strong><strong><strong><strong><strong>Kreislaufwirtschaft, die sich in bestehende Wertsch\u00f6pfungsketten integrieren l\u00e4sst<\/strong><\/strong><\/strong><\/strong><\/strong><\/strong><\/strong><\/strong><\/strong><\/strong><\/strong><\/strong><\/h3>\n\n\n\n<div class=\"acf-spacer h-[16px] tablet:h-[16px] desktop:h-[24px]\" id=acf-block-6a8d8cf1caf5a0.15527971 ><\/div>\n\n\n<p class=\"wp-block-paragraph\">Eine der zentralen Herausforderungen der Kreislaufwirtschaft besteht darin, den Schritt vom Konzept zu tats\u00e4chlich industriell einsetzbaren L\u00f6sungen zu schaffen.<\/p>\n\n\n\n<p class=\"wp-block-paragraph\">Sammlung, Stabilisierung, spezifische Vermahlung, thermomechanische Verfahren, Formulierung und Backversuche: Die Verarbeitung eines Nebenprodukts zu einer leistungsf\u00e4higen Lebensmittelzutat erfordert die Kontrolle \u00fcber die gesamte Wertsch\u00f6pfungskette.<\/p>\n\n\n\n<p class=\"wp-block-paragraph\">Genau diese F\u00e4higkeit, Kreislaufwirtschaft in konkrete Anwendungen zu \u00fcbertragen, wurde von der Jury des ProMarca Brand Sustainability Award 2026 gew\u00fcrdigt. ProMarca hebt insbesondere die F\u00e4higkeit des GMSA-Projekts hervor, bislang wenig genutzte Nebenstr\u00f6me in industriell einsetzbare Zutaten umzuwandeln, ihren ern\u00e4hrungsphysiologischen Wert zu steigern und gleichzeitig Ressourcen zu schonen.<\/p>\n\n\n        <\/div>\n    <\/div>\n<\/div>\n\n\n<div class=\"acf-tp-column one-third \"id=acf-block-6a8d8cf1caf822.40997148>\n    <div class=\"acf-tp-column__box has-vertical-top py-0 px-0 tablet:py-0 tablet:px-0 desktop:px-0 desktop:py-0 \">\n                    <div class=\"acf-tp-column__bg-overlay\" style=\"background: rgba(0, 0, 0, 0)\"><\/div>\n                                <div class=\"acf-tp-column__box-content \">\n            \n\n<figure class=\"wp-block-image size-full\"><img decoding=\"async\" width=\"1800\" height=\"1800\" src=\"https:\/\/www.gmsa.ch\/wp-content\/uploads\/2024\/09\/gmsa-produits-durabilite-02-granule-de-pois.jpg\" alt=\"\" class=\"wp-image-12745\" style=\"aspect-ratio:3\/4;object-fit:cover\" srcset=\"https:\/\/www.gmsa.ch\/wp-content\/uploads\/2024\/09\/gmsa-produits-durabilite-02-granule-de-pois.jpg 1800w, https:\/\/www.gmsa.ch\/wp-content\/uploads\/2024\/09\/gmsa-produits-durabilite-02-granule-de-pois-300x300.jpg 300w, https:\/\/www.gmsa.ch\/wp-content\/uploads\/2024\/09\/gmsa-produits-durabilite-02-granule-de-pois-1024x1024.jpg 1024w, https:\/\/www.gmsa.ch\/wp-content\/uploads\/2024\/09\/gmsa-produits-durabilite-02-granule-de-pois-150x150.jpg 150w, https:\/\/www.gmsa.ch\/wp-content\/uploads\/2024\/09\/gmsa-produits-durabilite-02-granule-de-pois-768x768.jpg 768w, https:\/\/www.gmsa.ch\/wp-content\/uploads\/2024\/09\/gmsa-produits-durabilite-02-granule-de-pois-1536x1536.jpg 1536w\" sizes=\"(max-width: 1800px) 100vw, 1800px\" \/><figcaption class=\"wp-element-caption\">Brot mit <strong> <\/strong>Erbsen  Granulat IP-SUISSE<\/figcaption><\/figure>\n\n\n\n<div class=\"acf-spacer h-[8px] tablet:h-[16px] desktop:h-[24px]\" id=acf-block-6a8d8cf1cafa64.25959324 ><\/div>\n\n        <\/div>\n    <\/div>\n<\/div>\n\n<\/div>\n\n\n\n\n\n\n<div class=\"acf-columns cols-gap-default reverse-desktop justify-between desktop:py-[40px] tablet:py-[32px] py-[24px]\"id=acf-block-6a8d8cf1cafc39.49588232>\n    \n\n<div class=\"acf-tp-column one-third \"id=acf-block-6a8d8cf1caff73.12525366>\n    <div class=\"acf-tp-column__box has-vertical-top py-0 px-0 tablet:py-0 tablet:px-0 desktop:px-0 desktop:py-0 \">\n                    <div class=\"acf-tp-column__bg-overlay\" style=\"background: rgba(0, 0, 0, 0)\"><\/div>\n                                <div class=\"acf-tp-column__box-content \">\n            \n\n<figure class=\"wp-block-image size-full\"><img decoding=\"async\" width=\"1800\" height=\"1800\" src=\"https:\/\/www.gmsa.ch\/wp-content\/uploads\/2024\/09\/gmsa-produits-durabilite-02-drecheur.jpg\" alt=\"\" class=\"wp-image-12711\" style=\"aspect-ratio:3\/4;object-fit:cover\" srcset=\"https:\/\/www.gmsa.ch\/wp-content\/uploads\/2024\/09\/gmsa-produits-durabilite-02-drecheur.jpg 1800w, https:\/\/www.gmsa.ch\/wp-content\/uploads\/2024\/09\/gmsa-produits-durabilite-02-drecheur-300x300.jpg 300w, https:\/\/www.gmsa.ch\/wp-content\/uploads\/2024\/09\/gmsa-produits-durabilite-02-drecheur-1024x1024.jpg 1024w, https:\/\/www.gmsa.ch\/wp-content\/uploads\/2024\/09\/gmsa-produits-durabilite-02-drecheur-150x150.jpg 150w, https:\/\/www.gmsa.ch\/wp-content\/uploads\/2024\/09\/gmsa-produits-durabilite-02-drecheur-768x768.jpg 768w, https:\/\/www.gmsa.ch\/wp-content\/uploads\/2024\/09\/gmsa-produits-durabilite-02-drecheur-1536x1536.jpg 1536w\" sizes=\"(max-width: 1800px) 100vw, 1800px\" \/><figcaption class=\"wp-element-caption\">Assemblage Braumeister Swissness<\/figcaption><\/figure>\n\n\n\n<div class=\"acf-spacer h-[32px] tablet:h-[32px] desktop:h-[40px]\" id=acf-block-6a8d8cf1cb01a0.25704290 ><\/div>\n\n        <\/div>\n    <\/div>\n<\/div>\n\n\n<div class=\"acf-tp-column two-third \"id=acf-block-6a8d8cf1cb0417.41628738>\n    <div class=\"acf-tp-column__box has-vertical-top py-0 px-0 tablet:py-0 tablet:px-0 desktop:px-0 desktop:py-0 \">\n                    <div class=\"acf-tp-column__bg-overlay\" style=\"background: rgba(0, 0, 0, 0)\"><\/div>\n                                <div class=\"acf-tp-column__box-content \">\n            \n\n<h3 id=\"h-anerkennung-als-ansporn-fur-die-zukunft\" class=\"wp-block-heading\" style=\"text-transform:uppercase\"><strong><strong><strong><strong><strong><strong><strong><strong><strong><strong><strong><strong><strong>Anerkennung als Ansporn f\u00fcr die Zukunft<\/strong><\/strong><\/strong><\/strong><\/strong><\/strong><\/strong><\/strong><\/strong><\/strong><\/strong><\/strong><\/strong><\/h3>\n\n\n\n<div class=\"acf-spacer h-[16px] tablet:h-[16px] desktop:h-[24px]\" id=acf-block-6a8d8cf1cb0608.32372063 ><\/div>\n\n\n<p class=\"wp-block-paragraph\">Dieser zweite Platz ist in erster Linie eine Anerkennung der Arbeit unserer Teams und Partner. Gleichzeitig best\u00e4tigt er eine \u00dcberzeugung: Nachhaltigkeit entfaltet dann die gr\u00f6sste Wirkung, wenn sie gleichzeitig \u00f6kologischen Mehrwert sowie wirtschaftlichen und funktionellen Nutzen f\u00fcr unsere Kunden schafft.<\/p>\n\n\n\n<p class=\"wp-block-paragraph\">Unser Ziel ist es deshalb, gemeinsam mit der gesamten Wertsch\u00f6pfungskette die Entwicklung von L\u00f6sungen aus Schweizer Rohstoffen und Nebenprodukten weiter voranzutreiben.<\/p>\n\n\n\n<p class=\"wp-block-paragraph\">Die Integration der Schweizerische Sch\u00e4lm\u00fchle E. Zwicky AG erweitert insbesondere unseren Zugang zu Vollkorngetreide, \u00d6lsaaten und H\u00fclsenfr\u00fcchten und er\u00f6ffnet neue Perspektiven f\u00fcr die Entwicklung der n\u00e4chsten Generation upgecycelter Zutaten.<\/p>\n\n\n        <\/div>\n    <\/div>\n<\/div>\n\n<\/div>\n\n\n\n\n\n\n<div class=\"acf-columns cols-gap-default reverse-none justify-between desktop:py-[40px] tablet:py-[32px] py-[24px]\"id=acf-block-6a8d8cf1cb0804.74093740>\n    \n\n<div class=\"acf-tp-column two-third \"id=acf-block-6a8d8cf1cb0ed0.69320777>\n    <div class=\"acf-tp-column__box has-vertical-top py-0 px-0 tablet:py-0 tablet:px-0 desktop:px-0 desktop:py-0 \">\n                    <div class=\"acf-tp-column__bg-overlay\" style=\"background: rgba(0, 0, 0, 0)\"><\/div>\n                                <div class=\"acf-tp-column__box-content \">\n            \n\n<h3 id=\"h-gmsa-gestalten-wir-morgen\" class=\"wp-block-heading\" style=\"text-transform:uppercase\">GMSA, gestalten wir morgen<\/h3>\n\n\n\n<div class=\"acf-spacer h-[16px] tablet:h-[16px] desktop:h-[24px]\" id=acf-block-6a8d8cf1cb1115.38494132 ><\/div>\n\n\n<p class=\"wp-block-paragraph\">Was bisher als Nebenprodukt betrachtet wurde, in eine wertvolle Lebensmittelressource zu verwandeln: So machen wir Kreislaufwirtschaft zu einem konkreten Hebel f\u00fcr Innovation und Leistungsf\u00e4higkeit im Dienste unserer Kunden.<\/p>\n\n\n\n    <div class=\"acf-buttons start flex-col\"id=acf-block-69eb8d18e9f1a>\n\n        \n                            <a href=\"https:\/\/www.gmsa.ch\/de\/kontakt\/\" target=\"\"\n                   class=\"acf-button__link\">Kontaktieren Sie uns<\/a>\n            \n            \n            <\/div>\n\n\n        <\/div>\n    <\/div>\n<\/div>\n\n<\/div>\n\n\n\n\n\n    <\/div>\n<\/div>\n\n\n\n\n\n<div class=\"acf-spacer h-[8px] tablet:h-[16px] desktop:h-[24px]\" id=acf-block-66f18d2967a5d ><\/div>\n\n\n<p class=\"wp-block-paragraph\"><\/p>\n","protected":false},"excerpt":{"rendered":"<p>Der 2. Platz beim Promarca Brand Sustainability Award 2026 w\u00fcrdigt den Ansatz der Groupe Minoteries SA f\u00fcr eine st\u00e4rker kreislauforientierte Ern\u00e4hrung<\/p>\n","protected":false},"author":7,"featured_media":12783,"comment_status":"closed","ping_status":"closed","sticky":false,"template":"","format":"standard","meta":{"_acf_changed":false,"_searchwp_excluded":"","footnotes":""},"categories":[21,79,80,81,82],"tags":[],"class_list":["post-15996","post","type-post","status-publish","format-standard","has-post-thumbnail","hentry","category-home-de","category-innovation-entwicklung","category-partnerschaften-zusammenarbeit","category-standorte-infrastrukturen","category-unternehmensaktivitaeten"],"acf":[],"yoast_head":"<title>Innovation und Nachhaltigkeit, zwei aktuelle Themen - GMSA<\/title>\n<meta name=\"description\" content=\"GMSA verbindet Tradition und Innovation in Lebensmitteln 2023. Entdecken Sie unsere nachhaltigen und kreativen Strategien.\" \/>\n<meta name=\"robots\" content=\"index, follow, max-snippet:-1, max-image-preview:large, max-video-preview:-1\" \/>\n<link rel=\"canonical\" href=\"https:\/\/www.gmsa.ch\/de\/nebenprodukte-sinnvoll-weiterverwerten-unser-upcycling-ansatz-wird-von-promarca-ausgezeichnet\/\" \/>\n<meta property=\"og:locale\" content=\"de_DE\" \/>\n<meta property=\"og:type\" content=\"article\" \/>\n<meta property=\"og:title\" content=\"Nebenprodukte sinnvoll weiterverwerten: Unser Upcycling-Ansatz wird von ProMarca ausgezeichnet\" \/>\n<meta property=\"og:description\" content=\"GMSA verbindet Tradition und Innovation in Lebensmitteln 2023. Entdecken Sie unsere nachhaltigen und kreativen Strategien.\" \/>\n<meta property=\"og:url\" content=\"https:\/\/www.gmsa.ch\/de\/nebenprodukte-sinnvoll-weiterverwerten-unser-upcycling-ansatz-wird-von-promarca-ausgezeichnet\/\" \/>\n<meta property=\"og:site_name\" content=\"GMSA\" \/>\n<meta property=\"article:published_time\" content=\"2026-08-27T07:12:50+00:00\" \/>\n<meta property=\"article:modified_time\" content=\"2026-08-27T07:16:13+00:00\" \/>\n<meta property=\"og:image\" content=\"https:\/\/www.gmsa.ch\/wp-content\/uploads\/2025\/04\/3-bocaux.png\" \/>\n\t<meta property=\"og:image:width\" content=\"1976\" \/>\n\t<meta property=\"og:image:height\" content=\"865\" \/>\n\t<meta property=\"og:image:type\" content=\"image\/png\" \/>\n<meta name=\"author\" content=\"Marielle Pillonel\" \/>\n<meta name=\"twitter:card\" content=\"summary_large_image\" \/>\n<meta name=\"twitter:label1\" content=\"Verfasst von\" \/>\n\t<meta name=\"twitter:data1\" content=\"Marielle Pillonel\" \/>\n\t<meta name=\"twitter:label2\" content=\"Gesch\u00e4tzte Lesezeit\" \/>\n\t<meta name=\"twitter:data2\" content=\"5\u00a0Minuten\" \/>\n<script type=\"application\/ld+json\" class=\"yoast-schema-graph\">{\"@context\":\"https:\\\/\\\/schema.org\",\"@graph\":[{\"@type\":\"Article\",\"@id\":\"https:\\\/\\\/www.gmsa.ch\\\/de\\\/nebenprodukte-sinnvoll-weiterverwerten-unser-upcycling-ansatz-wird-von-promarca-ausgezeichnet\\\/#article\",\"isPartOf\":{\"@id\":\"https:\\\/\\\/www.gmsa.ch\\\/de\\\/nebenprodukte-sinnvoll-weiterverwerten-unser-upcycling-ansatz-wird-von-promarca-ausgezeichnet\\\/\"},\"author\":{\"name\":\"Marielle Pillonel\",\"@id\":\"https:\\\/\\\/www.gmsa.ch\\\/de\\\/#\\\/schema\\\/person\\\/916284c83c6540352940910406e5483c\"},\"headline\":\"Nebenprodukte sinnvoll weiterverwerten: Unser Upcycling-Ansatz wird von ProMarca ausgezeichnet\",\"datePublished\":\"2026-08-27T07:12:50+00:00\",\"dateModified\":\"2026-08-27T07:16:13+00:00\",\"mainEntityOfPage\":{\"@id\":\"https:\\\/\\\/www.gmsa.ch\\\/de\\\/nebenprodukte-sinnvoll-weiterverwerten-unser-upcycling-ansatz-wird-von-promarca-ausgezeichnet\\\/\"},\"wordCount\":718,\"publisher\":{\"@id\":\"https:\\\/\\\/www.gmsa.ch\\\/de\\\/#organization\"},\"image\":{\"@id\":\"https:\\\/\\\/www.gmsa.ch\\\/de\\\/nebenprodukte-sinnvoll-weiterverwerten-unser-upcycling-ansatz-wird-von-promarca-ausgezeichnet\\\/#primaryimage\"},\"thumbnailUrl\":\"https:\\\/\\\/www.gmsa.ch\\\/wp-content\\\/uploads\\\/2025\\\/04\\\/3-bocaux.png\",\"articleSection\":[\"Home\",\"Innovation &amp; Entwicklung\",\"Partnerschaften &amp; Zusammenarbeit\",\"Standorte &amp; Infrastrukturen\",\"Unternehmensaktivit\u00e4ten\"],\"inLanguage\":\"de\"},{\"@type\":\"WebPage\",\"@id\":\"https:\\\/\\\/www.gmsa.ch\\\/de\\\/nebenprodukte-sinnvoll-weiterverwerten-unser-upcycling-ansatz-wird-von-promarca-ausgezeichnet\\\/\",\"url\":\"https:\\\/\\\/www.gmsa.ch\\\/de\\\/nebenprodukte-sinnvoll-weiterverwerten-unser-upcycling-ansatz-wird-von-promarca-ausgezeichnet\\\/\",\"name\":\"Innovation und Nachhaltigkeit, zwei aktuelle Themen - GMSA\",\"isPartOf\":{\"@id\":\"https:\\\/\\\/www.gmsa.ch\\\/de\\\/#website\"},\"primaryImageOfPage\":{\"@id\":\"https:\\\/\\\/www.gmsa.ch\\\/de\\\/nebenprodukte-sinnvoll-weiterverwerten-unser-upcycling-ansatz-wird-von-promarca-ausgezeichnet\\\/#primaryimage\"},\"image\":{\"@id\":\"https:\\\/\\\/www.gmsa.ch\\\/de\\\/nebenprodukte-sinnvoll-weiterverwerten-unser-upcycling-ansatz-wird-von-promarca-ausgezeichnet\\\/#primaryimage\"},\"thumbnailUrl\":\"https:\\\/\\\/www.gmsa.ch\\\/wp-content\\\/uploads\\\/2025\\\/04\\\/3-bocaux.png\",\"datePublished\":\"2026-08-27T07:12:50+00:00\",\"dateModified\":\"2026-08-27T07:16:13+00:00\",\"description\":\"GMSA verbindet Tradition und Innovation in Lebensmitteln 2023. Entdecken Sie unsere nachhaltigen und kreativen Strategien.\",\"breadcrumb\":{\"@id\":\"https:\\\/\\\/www.gmsa.ch\\\/de\\\/nebenprodukte-sinnvoll-weiterverwerten-unser-upcycling-ansatz-wird-von-promarca-ausgezeichnet\\\/#breadcrumb\"},\"inLanguage\":\"de\",\"potentialAction\":[{\"@type\":\"ReadAction\",\"target\":[\"https:\\\/\\\/www.gmsa.ch\\\/de\\\/nebenprodukte-sinnvoll-weiterverwerten-unser-upcycling-ansatz-wird-von-promarca-ausgezeichnet\\\/\"]}]},{\"@type\":\"ImageObject\",\"inLanguage\":\"de\",\"@id\":\"https:\\\/\\\/www.gmsa.ch\\\/de\\\/nebenprodukte-sinnvoll-weiterverwerten-unser-upcycling-ansatz-wird-von-promarca-ausgezeichnet\\\/#primaryimage\",\"url\":\"https:\\\/\\\/www.gmsa.ch\\\/wp-content\\\/uploads\\\/2025\\\/04\\\/3-bocaux.png\",\"contentUrl\":\"https:\\\/\\\/www.gmsa.ch\\\/wp-content\\\/uploads\\\/2025\\\/04\\\/3-bocaux.png\",\"width\":1976,\"height\":865},{\"@type\":\"BreadcrumbList\",\"@id\":\"https:\\\/\\\/www.gmsa.ch\\\/de\\\/nebenprodukte-sinnvoll-weiterverwerten-unser-upcycling-ansatz-wird-von-promarca-ausgezeichnet\\\/#breadcrumb\",\"itemListElement\":[{\"@type\":\"ListItem\",\"position\":1,\"name\":\"Home\",\"item\":\"https:\\\/\\\/www.gmsa.ch\\\/de\\\/\"},{\"@type\":\"ListItem\",\"position\":2,\"name\":\"Nebenprodukte sinnvoll weiterverwerten: Unser Upcycling-Ansatz wird von ProMarca ausgezeichnet\"}]},{\"@type\":\"WebSite\",\"@id\":\"https:\\\/\\\/www.gmsa.ch\\\/de\\\/#website\",\"url\":\"https:\\\/\\\/www.gmsa.ch\\\/de\\\/\",\"name\":\"GMSA\",\"description\":\"\",\"publisher\":{\"@id\":\"https:\\\/\\\/www.gmsa.ch\\\/de\\\/#organization\"},\"potentialAction\":[{\"@type\":\"SearchAction\",\"target\":{\"@type\":\"EntryPoint\",\"urlTemplate\":\"https:\\\/\\\/www.gmsa.ch\\\/de\\\/?s={search_term_string}\"},\"query-input\":{\"@type\":\"PropertyValueSpecification\",\"valueRequired\":true,\"valueName\":\"search_term_string\"}}],\"inLanguage\":\"de\"},{\"@type\":\"Organization\",\"@id\":\"https:\\\/\\\/www.gmsa.ch\\\/de\\\/#organization\",\"name\":\"GMSA\",\"url\":\"https:\\\/\\\/www.gmsa.ch\\\/de\\\/\",\"logo\":{\"@type\":\"ImageObject\",\"inLanguage\":\"de\",\"@id\":\"https:\\\/\\\/www.gmsa.ch\\\/de\\\/#\\\/schema\\\/logo\\\/image\\\/\",\"url\":\"https:\\\/\\\/www.gmsa.ch\\\/wp-content\\\/uploads\\\/2023\\\/08\\\/white-logo.svg\",\"contentUrl\":\"https:\\\/\\\/www.gmsa.ch\\\/wp-content\\\/uploads\\\/2023\\\/08\\\/white-logo.svg\",\"width\":184,\"height\":49,\"caption\":\"GMSA\"},\"image\":{\"@id\":\"https:\\\/\\\/www.gmsa.ch\\\/de\\\/#\\\/schema\\\/logo\\\/image\\\/\"},\"sameAs\":[\"https:\\\/\\\/www.linkedin.com\\\/company\\\/groupe-minoteries-sa\"]},{\"@type\":\"Person\",\"@id\":\"https:\\\/\\\/www.gmsa.ch\\\/de\\\/#\\\/schema\\\/person\\\/916284c83c6540352940910406e5483c\",\"name\":\"Marielle Pillonel\",\"image\":{\"@type\":\"ImageObject\",\"inLanguage\":\"de\",\"@id\":\"https:\\\/\\\/secure.gravatar.com\\\/avatar\\\/7103cb04e4606452b763abeadeb2803ba2d5fbe19a8dcd007c971472080414d4?s=96&d=mm&r=g\",\"url\":\"https:\\\/\\\/secure.gravatar.com\\\/avatar\\\/7103cb04e4606452b763abeadeb2803ba2d5fbe19a8dcd007c971472080414d4?s=96&d=mm&r=g\",\"contentUrl\":\"https:\\\/\\\/secure.gravatar.com\\\/avatar\\\/7103cb04e4606452b763abeadeb2803ba2d5fbe19a8dcd007c971472080414d4?s=96&d=mm&r=g\",\"caption\":\"Marielle Pillonel\"},\"url\":\"https:\\\/\\\/www.gmsa.ch\\\/de\\\/author\\\/marielle-pillonel\\\/\"}]}<\/script>","yoast_head_json":{"title":"Innovation und Nachhaltigkeit, zwei aktuelle Themen - GMSA","description":"GMSA verbindet Tradition und Innovation in Lebensmitteln 2023. Entdecken Sie unsere nachhaltigen und kreativen Strategien.","robots":{"index":"index","follow":"follow","max-snippet":"max-snippet:-1","max-image-preview":"max-image-preview:large","max-video-preview":"max-video-preview:-1"},"canonical":"https:\/\/www.gmsa.ch\/de\/nebenprodukte-sinnvoll-weiterverwerten-unser-upcycling-ansatz-wird-von-promarca-ausgezeichnet\/","og_locale":"de_DE","og_type":"article","og_title":"Nebenprodukte sinnvoll weiterverwerten: Unser Upcycling-Ansatz wird von ProMarca ausgezeichnet","og_description":"GMSA verbindet Tradition und Innovation in Lebensmitteln 2023. Entdecken Sie unsere nachhaltigen und kreativen Strategien.","og_url":"https:\/\/www.gmsa.ch\/de\/nebenprodukte-sinnvoll-weiterverwerten-unser-upcycling-ansatz-wird-von-promarca-ausgezeichnet\/","og_site_name":"GMSA","article_published_time":"2026-08-27T07:12:50+00:00","article_modified_time":"2026-08-27T07:16:13+00:00","og_image":[{"width":1976,"height":865,"url":"https:\/\/www.gmsa.ch\/wp-content\/uploads\/2025\/04\/3-bocaux.png","type":"image\/png"}],"author":"Marielle Pillonel","twitter_card":"summary_large_image","twitter_misc":{"Verfasst von":"Marielle Pillonel","Gesch\u00e4tzte Lesezeit":"5\u00a0Minuten"},"schema":{"@context":"https:\/\/schema.org","@graph":[{"@type":"Article","@id":"https:\/\/www.gmsa.ch\/de\/nebenprodukte-sinnvoll-weiterverwerten-unser-upcycling-ansatz-wird-von-promarca-ausgezeichnet\/#article","isPartOf":{"@id":"https:\/\/www.gmsa.ch\/de\/nebenprodukte-sinnvoll-weiterverwerten-unser-upcycling-ansatz-wird-von-promarca-ausgezeichnet\/"},"author":{"name":"Marielle Pillonel","@id":"https:\/\/www.gmsa.ch\/de\/#\/schema\/person\/916284c83c6540352940910406e5483c"},"headline":"Nebenprodukte sinnvoll weiterverwerten: Unser Upcycling-Ansatz wird von ProMarca ausgezeichnet","datePublished":"2026-08-27T07:12:50+00:00","dateModified":"2026-08-27T07:16:13+00:00","mainEntityOfPage":{"@id":"https:\/\/www.gmsa.ch\/de\/nebenprodukte-sinnvoll-weiterverwerten-unser-upcycling-ansatz-wird-von-promarca-ausgezeichnet\/"},"wordCount":718,"publisher":{"@id":"https:\/\/www.gmsa.ch\/de\/#organization"},"image":{"@id":"https:\/\/www.gmsa.ch\/de\/nebenprodukte-sinnvoll-weiterverwerten-unser-upcycling-ansatz-wird-von-promarca-ausgezeichnet\/#primaryimage"},"thumbnailUrl":"https:\/\/www.gmsa.ch\/wp-content\/uploads\/2025\/04\/3-bocaux.png","articleSection":["Home","Innovation &amp; Entwicklung","Partnerschaften &amp; Zusammenarbeit","Standorte &amp; Infrastrukturen","Unternehmensaktivit\u00e4ten"],"inLanguage":"de"},{"@type":"WebPage","@id":"https:\/\/www.gmsa.ch\/de\/nebenprodukte-sinnvoll-weiterverwerten-unser-upcycling-ansatz-wird-von-promarca-ausgezeichnet\/","url":"https:\/\/www.gmsa.ch\/de\/nebenprodukte-sinnvoll-weiterverwerten-unser-upcycling-ansatz-wird-von-promarca-ausgezeichnet\/","name":"Innovation und Nachhaltigkeit, zwei aktuelle Themen - GMSA","isPartOf":{"@id":"https:\/\/www.gmsa.ch\/de\/#website"},"primaryImageOfPage":{"@id":"https:\/\/www.gmsa.ch\/de\/nebenprodukte-sinnvoll-weiterverwerten-unser-upcycling-ansatz-wird-von-promarca-ausgezeichnet\/#primaryimage"},"image":{"@id":"https:\/\/www.gmsa.ch\/de\/nebenprodukte-sinnvoll-weiterverwerten-unser-upcycling-ansatz-wird-von-promarca-ausgezeichnet\/#primaryimage"},"thumbnailUrl":"https:\/\/www.gmsa.ch\/wp-content\/uploads\/2025\/04\/3-bocaux.png","datePublished":"2026-08-27T07:12:50+00:00","dateModified":"2026-08-27T07:16:13+00:00","description":"GMSA verbindet Tradition und Innovation in Lebensmitteln 2023. Entdecken Sie unsere nachhaltigen und kreativen Strategien.","breadcrumb":{"@id":"https:\/\/www.gmsa.ch\/de\/nebenprodukte-sinnvoll-weiterverwerten-unser-upcycling-ansatz-wird-von-promarca-ausgezeichnet\/#breadcrumb"},"inLanguage":"de","potentialAction":[{"@type":"ReadAction","target":["https:\/\/www.gmsa.ch\/de\/nebenprodukte-sinnvoll-weiterverwerten-unser-upcycling-ansatz-wird-von-promarca-ausgezeichnet\/"]}]},{"@type":"ImageObject","inLanguage":"de","@id":"https:\/\/www.gmsa.ch\/de\/nebenprodukte-sinnvoll-weiterverwerten-unser-upcycling-ansatz-wird-von-promarca-ausgezeichnet\/#primaryimage","url":"https:\/\/www.gmsa.ch\/wp-content\/uploads\/2025\/04\/3-bocaux.png","contentUrl":"https:\/\/www.gmsa.ch\/wp-content\/uploads\/2025\/04\/3-bocaux.png","width":1976,"height":865},{"@type":"BreadcrumbList","@id":"https:\/\/www.gmsa.ch\/de\/nebenprodukte-sinnvoll-weiterverwerten-unser-upcycling-ansatz-wird-von-promarca-ausgezeichnet\/#breadcrumb","itemListElement":[{"@type":"ListItem","position":1,"name":"Home","item":"https:\/\/www.gmsa.ch\/de\/"},{"@type":"ListItem","position":2,"name":"Nebenprodukte sinnvoll weiterverwerten: Unser Upcycling-Ansatz wird von ProMarca ausgezeichnet"}]},{"@type":"WebSite","@id":"https:\/\/www.gmsa.ch\/de\/#website","url":"https:\/\/www.gmsa.ch\/de\/","name":"GMSA","description":"","publisher":{"@id":"https:\/\/www.gmsa.ch\/de\/#organization"},"potentialAction":[{"@type":"SearchAction","target":{"@type":"EntryPoint","urlTemplate":"https:\/\/www.gmsa.ch\/de\/?s={search_term_string}"},"query-input":{"@type":"PropertyValueSpecification","valueRequired":true,"valueName":"search_term_string"}}],"inLanguage":"de"},{"@type":"Organization","@id":"https:\/\/www.gmsa.ch\/de\/#organization","name":"GMSA","url":"https:\/\/www.gmsa.ch\/de\/","logo":{"@type":"ImageObject","inLanguage":"de","@id":"https:\/\/www.gmsa.ch\/de\/#\/schema\/logo\/image\/","url":"https:\/\/www.gmsa.ch\/wp-content\/uploads\/2023\/08\/white-logo.svg","contentUrl":"https:\/\/www.gmsa.ch\/wp-content\/uploads\/2023\/08\/white-logo.svg","width":184,"height":49,"caption":"GMSA"},"image":{"@id":"https:\/\/www.gmsa.ch\/de\/#\/schema\/logo\/image\/"},"sameAs":["https:\/\/www.linkedin.com\/company\/groupe-minoteries-sa"]},{"@type":"Person","@id":"https:\/\/www.gmsa.ch\/de\/#\/schema\/person\/916284c83c6540352940910406e5483c","name":"Marielle Pillonel","image":{"@type":"ImageObject","inLanguage":"de","@id":"https:\/\/secure.gravatar.com\/avatar\/7103cb04e4606452b763abeadeb2803ba2d5fbe19a8dcd007c971472080414d4?s=96&d=mm&r=g","url":"https:\/\/secure.gravatar.com\/avatar\/7103cb04e4606452b763abeadeb2803ba2d5fbe19a8dcd007c971472080414d4?s=96&d=mm&r=g","contentUrl":"https:\/\/secure.gravatar.com\/avatar\/7103cb04e4606452b763abeadeb2803ba2d5fbe19a8dcd007c971472080414d4?s=96&d=mm&r=g","caption":"Marielle Pillonel"},"url":"https:\/\/www.gmsa.ch\/de\/author\/marielle-pillonel\/"}]}},"_links":{"self":[{"href":"https:\/\/www.gmsa.ch\/de\/wp-json\/wp\/v2\/posts\/15996","targetHints":{"allow":["GET"]}}],"collection":[{"href":"https:\/\/www.gmsa.ch\/de\/wp-json\/wp\/v2\/posts"}],"about":[{"href":"https:\/\/www.gmsa.ch\/de\/wp-json\/wp\/v2\/types\/post"}],"author":[{"embeddable":true,"href":"https:\/\/www.gmsa.ch\/de\/wp-json\/wp\/v2\/users\/7"}],"replies":[{"embeddable":true,"href":"https:\/\/www.gmsa.ch\/de\/wp-json\/wp\/v2\/comments?post=15996"}],"version-history":[{"count":7,"href":"https:\/\/www.gmsa.ch\/de\/wp-json\/wp\/v2\/posts\/15996\/revisions"}],"predecessor-version":[{"id":16096,"href":"https:\/\/www.gmsa.ch\/de\/wp-json\/wp\/v2\/posts\/15996\/revisions\/16096"}],"wp:featuredmedia":[{"embeddable":true,"href":"https:\/\/www.gmsa.ch\/de\/wp-json\/wp\/v2\/media\/12783"}],"wp:attachment":[{"href":"https:\/\/www.gmsa.ch\/de\/wp-json\/wp\/v2\/media?parent=15996"}],"wp:term":[{"taxonomy":"category","embeddable":true,"href":"https:\/\/www.gmsa.ch\/de\/wp-json\/wp\/v2\/categories?post=15996"},{"taxonomy":"post_tag","embeddable":true,"href":"https:\/\/www.gmsa.ch\/de\/wp-json\/wp\/v2\/tags?post=15996"}],"curies":[{"name":"wp","href":"https:\/\/api.w.org\/{rel}","templated":true}]}}