{"id":15461,"date":"2026-06-08T10:06:47","date_gmt":"2026-06-08T09:06:47","guid":{"rendered":"https:\/\/www.gmsa.ch\/?p=15461"},"modified":"2026-06-08T10:12:52","modified_gmt":"2026-06-08T09:12:52","slug":"tag-der-offenen-tuer-der-moulin-du-valais-sa-begeisterte-gross-und-klein","status":"publish","type":"post","link":"https:\/\/www.gmsa.ch\/de\/tag-der-offenen-tuer-der-moulin-du-valais-sa-begeisterte-gross-und-klein\/","title":{"rendered":"Tag der Offenen T\u00fcr der Moulin du Valais SA begeisterte Gross und Klein"},"content":{"rendered":"\n<div class=\"acf-container desktop:py-0 tablet:py-0 py-0 \"id=acf-block-64f899a480879>\n            <div class=\"acf-container__bg-overlay\" style=\"background: rgba(0, 0, 0, 0)\"><\/div>\n                <div class=\"container\">\n        \n\n<div class=\"acf-columns cols-gap-default reverse-none justify-start desktop:py-0 tablet:py-0 py-0\"id=acf-block-64f848fc822f3>\n    \n\n<div class=\"acf-tp-column two-third \"id=acf-block-64f848fc8230f>\n    <div class=\"acf-tp-column__box has-vertical-top py-0 px-0 tablet:py-0 tablet:px-0 desktop:px-0 desktop:py-0 \">\n                    <div class=\"acf-tp-column__bg-overlay\" style=\"background: rgba(0, 0, 0, 0)\"><\/div>\n                                <div class=\"acf-tp-column__box-content \">\n            \n\n<p class=\"has-32-font-size wp-block-paragraph\">Am 5. und 6. Juni 2026 \u00f6ffnete die Moulin du Valais SA in Riddes (VS) ihre T\u00fcren f\u00fcr Schulen und die breite \u00d6ffentlichkeit. W\u00e4hrend am Freitag rund 230 Sch\u00fclerinnen und Sch\u00fcler aus Riddes und Is\u00e9rables die M\u00fchle entdecken durften, stand der Samstag ganz im Zeichen des offiziellen Tags der \u00abOffenen T\u00fcr\u00bb. Die GMSA organisierte den Anlass gemeinsam mit der Vereinigung Walliser Roggenbrot AOP.<\/p>\n\n\n        <\/div>\n    <\/div>\n<\/div>\n\n<\/div>\n\n\n\n\n\n    <\/div>\n<\/div>\n\n\n\n\n\n<div class=\"acf-spacer h-[56px] tablet:h-[56px] desktop:h-[64px]\" id=acf-block-69b91e49c6dad ><\/div>\n\n\n<div class=\"acf-container desktop:py-0 tablet:py-0 py-0 \"id=acf-block-6544b2f7d4097>\n            <div class=\"acf-container__bg-overlay\" style=\"background: rgba(0, 0, 0, 0)\"><\/div>\n                <div class=\"container\">\n        \n\n<div class=\"acf-columns big-gap reverse-none justify-between desktop:py-0 tablet:py-0 py-0\"id=acf-block-64f73707a9213>\n    \n\n<div class=\"acf-tp-column half \"id=acf-block-64f73707a9255>\n    <div class=\"acf-tp-column__box has-vertical-top py-0 px-0 tablet:py-0 tablet:px-0 desktop:px-0 desktop:py-0 \">\n                    <div class=\"acf-tp-column__bg-overlay\" style=\"background: rgba(0, 0, 0, 0)\"><\/div>\n                                <div class=\"acf-tp-column__box-content \">\n            \n\n<h3 id=\"h-ein-tag-voller-staunen-fur-die-schulklassen\" class=\"wp-block-heading\" style=\"text-transform:uppercase\"><strong><strong>Ein Tag voller Staunen f\u00fcr die Schulklassen<\/strong><\/strong><\/h3>\n\n\n\n<div class=\"acf-spacer h-[16px] tablet:h-[16px] desktop:h-[24px]\" id=acf-block-64f899a480b8c ><\/div>\n\n\n<p class=\"wp-block-paragraph\">Am Freitag besuchten elf Schulklassen aus Riddes und Is\u00e9rables die M\u00fchle. Die Kinder der Klassen 3H bis 8H erhielten einen spannenden Einblick in die gr\u00f6sste Steinm\u00fchle der Schweiz und staunten \u00fcber die riesigen Granitmahlsteine sowie die beeindruckende Technik der Anlage.<\/p>\n\n\n\n<p class=\"wp-block-paragraph\">Besonders beliebt waren die verschiedenen Ateliers. Die Kinder formten kleine Walliser Roggenbrote AOP, stellten aus Rahm ihre eigene Butter her und pressten Roggenflocken f\u00fcr ihr Fr\u00fchst\u00fcck. Auch beim Zeichnungswettbewerb \u00abZeichne mir eine M\u00fchle!\u00bb entstanden viele kreative Kunstwerke. Die Freude, Neugier und Begeisterung der Kinder waren w\u00e4hrend des ganzen Tages sp\u00fcrbar.<\/p>\n\n\n        <\/div>\n    <\/div>\n<\/div>\n\n\n<div class=\"acf-tp-column half \"id=acf-block-64f73707a922b>\n    <div class=\"acf-tp-column__box has-vertical-top py-0 px-0 tablet:py-0 tablet:px-0 desktop:px-0 desktop:py-0 \">\n                    <div class=\"acf-tp-column__bg-overlay\" style=\"background: rgba(0, 0, 0, 0)\"><\/div>\n                                <div class=\"acf-tp-column__box-content \">\n            \n\n<figure class=\"wp-block-image size-full is-resized\"><img decoding=\"async\" width=\"866\" height=\"866\" src=\"https:\/\/www.gmsa.ch\/wp-content\/uploads\/2026\/06\/Portes-ouvertes-Moulin-du-Valais-SA-Dessins-1-edited.jpg\" alt=\"\" class=\"wp-image-15441\" style=\"width:507px;height:auto\" srcset=\"https:\/\/www.gmsa.ch\/wp-content\/uploads\/2026\/06\/Portes-ouvertes-Moulin-du-Valais-SA-Dessins-1-edited.jpg 866w, https:\/\/www.gmsa.ch\/wp-content\/uploads\/2026\/06\/Portes-ouvertes-Moulin-du-Valais-SA-Dessins-1-edited-300x300.jpg 300w, https:\/\/www.gmsa.ch\/wp-content\/uploads\/2026\/06\/Portes-ouvertes-Moulin-du-Valais-SA-Dessins-1-edited-150x150.jpg 150w, https:\/\/www.gmsa.ch\/wp-content\/uploads\/2026\/06\/Portes-ouvertes-Moulin-du-Valais-SA-Dessins-1-edited-768x768.jpg 768w\" sizes=\"(max-width: 866px) 100vw, 866px\" \/><figcaption class=\"wp-element-caption\">Der Wettbewerb &#8222;Zeichne mir eine M\u00fchle&#8220; war bei den Sch\u00fclern sehr beliebt.<\/figcaption><\/figure>\n\n\n\n<div class=\"acf-spacer h-[32px] tablet:h-[32px] desktop:h-[40px]\" id=acf-block-64f73707a923d ><\/div>\n\n        <\/div>\n    <\/div>\n<\/div>\n\n<\/div>\n\n\n\n\n\n    <\/div>\n<\/div>\n\n\n\n\n\n<div class=\"acf-container desktop:py-0 tablet:py-0 py-0 \"id=acf-block-6501c71807ce6>\n            <div class=\"acf-container__bg-overlay\" style=\"background: rgba(0, 0, 0, 0)\"><\/div>\n                <div class=\"container\">\n        \n\n<div class=\"acf-spacer h-[56px] tablet:h-[56px] desktop:h-[64px]\" id=acf-block-64f8a00ea9059 ><\/div>\n\n\n<div class=\"acf-columns big-gap reverse-none justify-between desktop:py-0 tablet:py-0 py-0\"id=acf-block-64f73707a9213>\n    \n\n<div class=\"acf-tp-column half \"id=acf-block-64f73707a922b>\n    <div class=\"acf-tp-column__box has-vertical-top py-0 px-0 tablet:py-0 tablet:px-0 desktop:px-0 desktop:py-0 \">\n                    <div class=\"acf-tp-column__bg-overlay\" style=\"background: rgba(0, 0, 0, 0)\"><\/div>\n                                <div class=\"acf-tp-column__box-content \">\n            \n\n<figure class=\"wp-block-image alignfull size-full\"><img decoding=\"async\" width=\"945\" height=\"709\" src=\"https:\/\/www.gmsa.ch\/wp-content\/uploads\/2026\/06\/Portes-ouvertes-Moulin-du-Valais-SA-Activites-edited.jpg\" alt=\"\" class=\"wp-image-15447\" srcset=\"https:\/\/www.gmsa.ch\/wp-content\/uploads\/2026\/06\/Portes-ouvertes-Moulin-du-Valais-SA-Activites-edited.jpg 945w, https:\/\/www.gmsa.ch\/wp-content\/uploads\/2026\/06\/Portes-ouvertes-Moulin-du-Valais-SA-Activites-edited-300x225.jpg 300w, https:\/\/www.gmsa.ch\/wp-content\/uploads\/2026\/06\/Portes-ouvertes-Moulin-du-Valais-SA-Activites-edited-768x576.jpg 768w\" sizes=\"(max-width: 945px) 100vw, 945px\" \/><figcaption class=\"wp-element-caption\">Zahlreiche Besucher zeigten Interesse an unserer neuen Steinm\u00fchle.<\/figcaption><\/figure>\n\n\n        <\/div>\n    <\/div>\n<\/div>\n\n\n<div class=\"acf-tp-column half \"id=acf-block-64f73707a9255>\n    <div class=\"acf-tp-column__box has-vertical-top py-0 px-0 tablet:py-0 tablet:px-0 desktop:px-0 desktop:py-0 \">\n                    <div class=\"acf-tp-column__bg-overlay\" style=\"background: rgba(0, 0, 0, 0)\"><\/div>\n                                <div class=\"acf-tp-column__box-content \">\n            \n\n<h3 id=\"h-rund-400-besucher-am-tag-der-offenen-tur\" class=\"wp-block-heading\" style=\"text-transform:uppercase\"><strong><strong>Rund 400 Besucher am Tag der \u00abOffenen T\u00fcr\u00bb<\/strong><\/strong><\/h3>\n\n\n\n<div class=\"acf-spacer h-[16px] tablet:h-[16px] desktop:h-[24px]\" id=acf-block-64f899a480b8c ><\/div>\n\n\n<p class=\"wp-block-paragraph\">Am Samstag \u00f6ffnete die Moulin du Valais SA ihre T\u00fcren f\u00fcr die Bev\u00f6lkerung. Rund 400 interessierte Besucherinnen und Besucher nutzten die Gelegenheit, die moderne Steinm\u00fchle in Riddes zu entdecken.<\/p>\n\n\n\n<p class=\"wp-block-paragraph\">Die F\u00fchrungen waren den ganzen Tag \u00fcber sehr gut besucht. Die Besucher erhielten spannende Informationen \u00fcber den Anbau und die Verarbeitung von Walliser Roggen, das traditionelle Mahlen auf Granitsteinen sowie die Herstellung verschiedener Spezialmehle aus alten Getreidesorten wie UrDinkel oder Emmer.<\/p>\n\n\n\n<p class=\"wp-block-paragraph\">Bei sonnigem Wetter und gem\u00fctlicher Atmosph\u00e4re genossen die Besucher Raclette, Fladenbrote, Waffeln oder ein Glas Walliser Wein und konnten zudem einen 5-Kg-Sack Steinm\u00fchlemehl erwerben. F\u00fcr Kinder standen erneut verschiedene Animationen bereit, darunter unter anderem die Flockenpresse, ein Memory-Spiel sowie der Zeichenwettbewerb.<\/p>\n\n\n\n<p class=\"wp-block-paragraph\"><\/p>\n\n\n        <\/div>\n    <\/div>\n<\/div>\n\n<\/div>\n\n\n\n\n\n    <\/div>\n<\/div>\n\n\n\n\n\n<div class=\"acf-container desktop:py-0 tablet:py-0 py-0 \"id=acf-block-6501c71807ce6>\n            <div class=\"acf-container__bg-overlay\" style=\"background: rgba(0, 0, 0, 0)\"><\/div>\n                <div class=\"container\">\n        \n\n<div class=\"acf-spacer h-[56px] tablet:h-[56px] desktop:h-[64px]\" id=acf-block-64f8a00ea9059 ><\/div>\n\n\n<div class=\"acf-columns big-gap reverse-none justify-between desktop:py-0 tablet:py-0 py-0\"id=acf-block-64f73707a9213>\n    \n\n<div class=\"acf-tp-column half \"id=acf-block-64f73707a9255>\n    <div class=\"acf-tp-column__box has-vertical-top py-0 px-0 tablet:py-0 tablet:px-0 desktop:px-0 desktop:py-0 \">\n                    <div class=\"acf-tp-column__bg-overlay\" style=\"background: rgba(0, 0, 0, 0)\"><\/div>\n                                <div class=\"acf-tp-column__box-content \">\n            \n\n<h3 id=\"h-tradition-regionalitat-und-handwerk-im-mittelpunkt\" class=\"wp-block-heading\" style=\"text-transform:uppercase\"><strong>Tradition, Regionalit\u00e4t und Handwerk im Mittelpunkt<\/strong><\/h3>\n\n\n\n<div class=\"acf-spacer h-[16px] tablet:h-[16px] desktop:h-[24px]\" id=acf-block-64f899a480b8c ><\/div>\n\n\n<p class=\"wp-block-paragraph\">Mit der Moulin du Valais SA unterstreicht die GMSA ihr Engagement f\u00fcr regionale Rohstoffe, nachhaltige Landwirtschaft und traditionelles M\u00fcllerhandwerk und leistet damit einen wichtigen Beitrag zur Wertsch\u00f6pfung regionaler Getreide.<\/p>\n\n\n\n<p class=\"wp-block-paragraph\">Alain Raymond, CEO der GMSA, zeigte sich erfreut \u00fcber das grosse Interesse der Bev\u00f6lkerung: \u00abEs war sch\u00f6n zu sehen, wie Gross und Klein die Welt des M\u00fcllerhandwerks entdecken konnten. Ich freute mich sehr \u00fcber die zahlreichen Begegnungen, die vielen interessierten Fragen und die positive Stimmung w\u00e4hrend den zwei Tagen.\u00bb<\/p>\n\n\n\n<p class=\"wp-block-paragraph\">Ein besonderer Dank gilt der <a href=\"https:\/\/www.paindeseiglevalaisan.ch\/\">Vereinigung Walliser Roggenbrot AOP<\/a> f\u00fcr die wertvolle Zusammenarbeit sowie allen Partnern und Mitarbeiterinnen und Mitarbeitern, die zum Gelingen dieser beiden Tage beigetragen haben.<\/p>\n\n\n        <\/div>\n    <\/div>\n<\/div>\n\n\n<div class=\"acf-tp-column half \"id=acf-block-64f73707a922b>\n    <div class=\"acf-tp-column__box has-vertical-top py-0 px-0 tablet:py-0 tablet:px-0 desktop:px-0 desktop:py-0 \">\n                    <div class=\"acf-tp-column__bg-overlay\" style=\"background: rgba(0, 0, 0, 0)\"><\/div>\n                                <div class=\"acf-tp-column__box-content \">\n            \n\n<figure class=\"wp-block-image alignfull size-full\"><img decoding=\"async\" width=\"1063\" height=\"797\" src=\"https:\/\/www.gmsa.ch\/wp-content\/uploads\/2026\/06\/Portes-ouvertes-Moulin-du-Valais-SA-Faconnage-Pain-de-seigle-edited.jpg\" alt=\"\" class=\"wp-image-15453\" srcset=\"https:\/\/www.gmsa.ch\/wp-content\/uploads\/2026\/06\/Portes-ouvertes-Moulin-du-Valais-SA-Faconnage-Pain-de-seigle-edited.jpg 1063w, https:\/\/www.gmsa.ch\/wp-content\/uploads\/2026\/06\/Portes-ouvertes-Moulin-du-Valais-SA-Faconnage-Pain-de-seigle-edited-300x225.jpg 300w, https:\/\/www.gmsa.ch\/wp-content\/uploads\/2026\/06\/Portes-ouvertes-Moulin-du-Valais-SA-Faconnage-Pain-de-seigle-edited-1024x768.jpg 1024w, https:\/\/www.gmsa.ch\/wp-content\/uploads\/2026\/06\/Portes-ouvertes-Moulin-du-Valais-SA-Faconnage-Pain-de-seigle-edited-768x576.jpg 768w\" sizes=\"(max-width: 1063px) 100vw, 1063px\" \/><figcaption class=\"wp-element-caption\">Die Besucher konnten selbst Hand anlegen und ihr eigenes Walliser Roggenbrot AOP formen, welches sie nach dem Backen im Holzofen mit nach Hause nehmen durften.<\/figcaption><\/figure>\n\n\n        <\/div>\n    <\/div>\n<\/div>\n\n<\/div>\n\n\n\n\n\n\n<div class=\"acf-spacer h-[56px] tablet:h-[56px] desktop:h-[64px]\" id=acf-block-64f8a00ea9059 ><\/div>\n\n    <\/div>\n<\/div>\n\n\n\n\n\n<div class=\"acf-spacer h-[56px] tablet:h-[56px] desktop:h-[64px]\" id=acf-block-64f8a00ea9059 ><\/div>\n\n\n<p class=\"wp-block-paragraph\"><\/p>\n\n\n\n<p class=\"wp-block-paragraph\"><\/p>\n","protected":false},"excerpt":{"rendered":"<p>Am 5. und 6. Juni 2026 \u00f6ffnete die Moulin du Valais SA in Riddes (VS) ihre T\u00fcren f\u00fcr Schulen und die breite \u00d6ffentlichkeit.<\/p>\n","protected":false},"author":21,"featured_media":15435,"comment_status":"closed","ping_status":"open","sticky":true,"template":"","format":"standard","meta":{"_acf_changed":false,"_searchwp_excluded":"","footnotes":""},"categories":[21,81,5,82],"tags":[],"class_list":["post-15461","post","type-post","status-publish","format-standard","has-post-thumbnail","hentry","category-home-de","category-standorte-infrastrukturen","category-unkategorisiert","category-unternehmensaktivitaeten"],"acf":[],"yoast_head":"<title>Tag der Offenen T\u00fcr der Moulin du Valais SA begeisterte Gross und Klein - GMSA<\/title>\n<meta name=\"robots\" content=\"index, follow, max-snippet:-1, max-image-preview:large, max-video-preview:-1\" \/>\n<link rel=\"canonical\" href=\"https:\/\/www.gmsa.ch\/de\/tag-der-offenen-tuer-der-moulin-du-valais-sa-begeisterte-gross-und-klein\/\" \/>\n<meta property=\"og:locale\" content=\"de_DE\" \/>\n<meta property=\"og:type\" content=\"article\" \/>\n<meta property=\"og:title\" content=\"Tag der Offenen T\u00fcr der Moulin du Valais SA begeisterte Gross und Klein\" \/>\n<meta property=\"og:description\" content=\"Am 5. und 6. Juni 2026 \u00f6ffnete die Moulin du Valais SA in Riddes (VS) ihre T\u00fcren f\u00fcr Schulen und die breite \u00d6ffentlichkeit.\" \/>\n<meta property=\"og:url\" content=\"https:\/\/www.gmsa.ch\/de\/tag-der-offenen-tuer-der-moulin-du-valais-sa-begeisterte-gross-und-klein\/\" \/>\n<meta property=\"og:site_name\" content=\"GMSA\" \/>\n<meta property=\"article:published_time\" content=\"2026-06-08T09:06:47+00:00\" \/>\n<meta property=\"article:modified_time\" content=\"2026-06-08T09:12:52+00:00\" \/>\n<meta property=\"og:image\" content=\"https:\/\/www.gmsa.ch\/wp-content\/uploads\/2026\/06\/Moulin-du-Valais-SA.jpg\" \/>\n\t<meta property=\"og:image:width\" content=\"2000\" \/>\n\t<meta property=\"og:image:height\" content=\"1500\" \/>\n\t<meta property=\"og:image:type\" content=\"image\/jpeg\" \/>\n<meta name=\"author\" content=\"Esther Nussbaumer\" \/>\n<meta name=\"twitter:card\" content=\"summary_large_image\" \/>\n<meta name=\"twitter:label1\" content=\"Verfasst von\" \/>\n\t<meta name=\"twitter:data1\" content=\"Esther Nussbaumer\" \/>\n\t<meta name=\"twitter:label2\" content=\"Gesch\u00e4tzte Lesezeit\" \/>\n\t<meta name=\"twitter:data2\" content=\"4\u00a0Minuten\" \/>\n<script type=\"application\/ld+json\" class=\"yoast-schema-graph\">{\"@context\":\"https:\\\/\\\/schema.org\",\"@graph\":[{\"@type\":\"Article\",\"@id\":\"https:\\\/\\\/www.gmsa.ch\\\/de\\\/tag-der-offenen-tuer-der-moulin-du-valais-sa-begeisterte-gross-und-klein\\\/#article\",\"isPartOf\":{\"@id\":\"https:\\\/\\\/www.gmsa.ch\\\/de\\\/tag-der-offenen-tuer-der-moulin-du-valais-sa-begeisterte-gross-und-klein\\\/\"},\"author\":{\"name\":\"Esther Nussbaumer\",\"@id\":\"https:\\\/\\\/www.gmsa.ch\\\/de\\\/#\\\/schema\\\/person\\\/01e37747c56bd4f8c778c43e37fbb970\"},\"headline\":\"Tag der Offenen T\u00fcr der Moulin du Valais SA begeisterte Gross und Klein\",\"datePublished\":\"2026-06-08T09:06:47+00:00\",\"dateModified\":\"2026-06-08T09:12:52+00:00\",\"mainEntityOfPage\":{\"@id\":\"https:\\\/\\\/www.gmsa.ch\\\/de\\\/tag-der-offenen-tuer-der-moulin-du-valais-sa-begeisterte-gross-und-klein\\\/\"},\"wordCount\":485,\"publisher\":{\"@id\":\"https:\\\/\\\/www.gmsa.ch\\\/de\\\/#organization\"},\"image\":{\"@id\":\"https:\\\/\\\/www.gmsa.ch\\\/de\\\/tag-der-offenen-tuer-der-moulin-du-valais-sa-begeisterte-gross-und-klein\\\/#primaryimage\"},\"thumbnailUrl\":\"https:\\\/\\\/www.gmsa.ch\\\/wp-content\\\/uploads\\\/2026\\\/06\\\/Moulin-du-Valais-SA.jpg\",\"articleSection\":[\"Home\",\"Standorte &amp; Infrastrukturen\",\"Unkategorisiert\",\"Unternehmensaktivit\u00e4ten\"],\"inLanguage\":\"de\"},{\"@type\":\"WebPage\",\"@id\":\"https:\\\/\\\/www.gmsa.ch\\\/de\\\/tag-der-offenen-tuer-der-moulin-du-valais-sa-begeisterte-gross-und-klein\\\/\",\"url\":\"https:\\\/\\\/www.gmsa.ch\\\/de\\\/tag-der-offenen-tuer-der-moulin-du-valais-sa-begeisterte-gross-und-klein\\\/\",\"name\":\"Tag der Offenen T\u00fcr der Moulin du Valais SA begeisterte Gross und Klein - GMSA\",\"isPartOf\":{\"@id\":\"https:\\\/\\\/www.gmsa.ch\\\/de\\\/#website\"},\"primaryImageOfPage\":{\"@id\":\"https:\\\/\\\/www.gmsa.ch\\\/de\\\/tag-der-offenen-tuer-der-moulin-du-valais-sa-begeisterte-gross-und-klein\\\/#primaryimage\"},\"image\":{\"@id\":\"https:\\\/\\\/www.gmsa.ch\\\/de\\\/tag-der-offenen-tuer-der-moulin-du-valais-sa-begeisterte-gross-und-klein\\\/#primaryimage\"},\"thumbnailUrl\":\"https:\\\/\\\/www.gmsa.ch\\\/wp-content\\\/uploads\\\/2026\\\/06\\\/Moulin-du-Valais-SA.jpg\",\"datePublished\":\"2026-06-08T09:06:47+00:00\",\"dateModified\":\"2026-06-08T09:12:52+00:00\",\"breadcrumb\":{\"@id\":\"https:\\\/\\\/www.gmsa.ch\\\/de\\\/tag-der-offenen-tuer-der-moulin-du-valais-sa-begeisterte-gross-und-klein\\\/#breadcrumb\"},\"inLanguage\":\"de\",\"potentialAction\":[{\"@type\":\"ReadAction\",\"target\":[\"https:\\\/\\\/www.gmsa.ch\\\/de\\\/tag-der-offenen-tuer-der-moulin-du-valais-sa-begeisterte-gross-und-klein\\\/\"]}]},{\"@type\":\"ImageObject\",\"inLanguage\":\"de\",\"@id\":\"https:\\\/\\\/www.gmsa.ch\\\/de\\\/tag-der-offenen-tuer-der-moulin-du-valais-sa-begeisterte-gross-und-klein\\\/#primaryimage\",\"url\":\"https:\\\/\\\/www.gmsa.ch\\\/wp-content\\\/uploads\\\/2026\\\/06\\\/Moulin-du-Valais-SA.jpg\",\"contentUrl\":\"https:\\\/\\\/www.gmsa.ch\\\/wp-content\\\/uploads\\\/2026\\\/06\\\/Moulin-du-Valais-SA.jpg\",\"width\":2000,\"height\":1500,\"caption\":\"Das Foto zeigt die Moulin du Valais SA unter einem sch\u00f6nen blauen Himmel.\"},{\"@type\":\"BreadcrumbList\",\"@id\":\"https:\\\/\\\/www.gmsa.ch\\\/de\\\/tag-der-offenen-tuer-der-moulin-du-valais-sa-begeisterte-gross-und-klein\\\/#breadcrumb\",\"itemListElement\":[{\"@type\":\"ListItem\",\"position\":1,\"name\":\"Home\",\"item\":\"https:\\\/\\\/www.gmsa.ch\\\/de\\\/\"},{\"@type\":\"ListItem\",\"position\":2,\"name\":\"Tag der Offenen T\u00fcr der Moulin du Valais SA begeisterte Gross und Klein\"}]},{\"@type\":\"WebSite\",\"@id\":\"https:\\\/\\\/www.gmsa.ch\\\/de\\\/#website\",\"url\":\"https:\\\/\\\/www.gmsa.ch\\\/de\\\/\",\"name\":\"GMSA\",\"description\":\"\",\"publisher\":{\"@id\":\"https:\\\/\\\/www.gmsa.ch\\\/de\\\/#organization\"},\"potentialAction\":[{\"@type\":\"SearchAction\",\"target\":{\"@type\":\"EntryPoint\",\"urlTemplate\":\"https:\\\/\\\/www.gmsa.ch\\\/de\\\/?s={search_term_string}\"},\"query-input\":{\"@type\":\"PropertyValueSpecification\",\"valueRequired\":true,\"valueName\":\"search_term_string\"}}],\"inLanguage\":\"de\"},{\"@type\":\"Organization\",\"@id\":\"https:\\\/\\\/www.gmsa.ch\\\/de\\\/#organization\",\"name\":\"GMSA\",\"url\":\"https:\\\/\\\/www.gmsa.ch\\\/de\\\/\",\"logo\":{\"@type\":\"ImageObject\",\"inLanguage\":\"de\",\"@id\":\"https:\\\/\\\/www.gmsa.ch\\\/de\\\/#\\\/schema\\\/logo\\\/image\\\/\",\"url\":\"https:\\\/\\\/www.gmsa.ch\\\/wp-content\\\/uploads\\\/2023\\\/08\\\/white-logo.svg\",\"contentUrl\":\"https:\\\/\\\/www.gmsa.ch\\\/wp-content\\\/uploads\\\/2023\\\/08\\\/white-logo.svg\",\"width\":184,\"height\":49,\"caption\":\"GMSA\"},\"image\":{\"@id\":\"https:\\\/\\\/www.gmsa.ch\\\/de\\\/#\\\/schema\\\/logo\\\/image\\\/\"},\"sameAs\":[\"https:\\\/\\\/www.linkedin.com\\\/company\\\/groupe-minoteries-sa\"]},{\"@type\":\"Person\",\"@id\":\"https:\\\/\\\/www.gmsa.ch\\\/de\\\/#\\\/schema\\\/person\\\/01e37747c56bd4f8c778c43e37fbb970\",\"name\":\"Esther Nussbaumer\",\"image\":{\"@type\":\"ImageObject\",\"inLanguage\":\"de\",\"@id\":\"https:\\\/\\\/secure.gravatar.com\\\/avatar\\\/398f4c2ff9e612e923675cf3c7b05a7caa984c6a7f1a9917fc961160cba5b3b8?s=96&d=mm&r=g\",\"url\":\"https:\\\/\\\/secure.gravatar.com\\\/avatar\\\/398f4c2ff9e612e923675cf3c7b05a7caa984c6a7f1a9917fc961160cba5b3b8?s=96&d=mm&r=g\",\"contentUrl\":\"https:\\\/\\\/secure.gravatar.com\\\/avatar\\\/398f4c2ff9e612e923675cf3c7b05a7caa984c6a7f1a9917fc961160cba5b3b8?s=96&d=mm&r=g\",\"caption\":\"Esther Nussbaumer\"},\"url\":\"https:\\\/\\\/www.gmsa.ch\\\/de\\\/author\\\/esther-nussbaumer\\\/\"}]}<\/script>","yoast_head_json":{"title":"Tag der Offenen T\u00fcr der Moulin du Valais SA begeisterte Gross und Klein - GMSA","robots":{"index":"index","follow":"follow","max-snippet":"max-snippet:-1","max-image-preview":"max-image-preview:large","max-video-preview":"max-video-preview:-1"},"canonical":"https:\/\/www.gmsa.ch\/de\/tag-der-offenen-tuer-der-moulin-du-valais-sa-begeisterte-gross-und-klein\/","og_locale":"de_DE","og_type":"article","og_title":"Tag der Offenen T\u00fcr der Moulin du Valais SA begeisterte Gross und Klein","og_description":"Am 5. und 6. Juni 2026 \u00f6ffnete die Moulin du Valais SA in Riddes (VS) ihre T\u00fcren f\u00fcr Schulen und die breite \u00d6ffentlichkeit.","og_url":"https:\/\/www.gmsa.ch\/de\/tag-der-offenen-tuer-der-moulin-du-valais-sa-begeisterte-gross-und-klein\/","og_site_name":"GMSA","article_published_time":"2026-06-08T09:06:47+00:00","article_modified_time":"2026-06-08T09:12:52+00:00","og_image":[{"width":2000,"height":1500,"url":"https:\/\/www.gmsa.ch\/wp-content\/uploads\/2026\/06\/Moulin-du-Valais-SA.jpg","type":"image\/jpeg"}],"author":"Esther Nussbaumer","twitter_card":"summary_large_image","twitter_misc":{"Verfasst von":"Esther Nussbaumer","Gesch\u00e4tzte Lesezeit":"4\u00a0Minuten"},"schema":{"@context":"https:\/\/schema.org","@graph":[{"@type":"Article","@id":"https:\/\/www.gmsa.ch\/de\/tag-der-offenen-tuer-der-moulin-du-valais-sa-begeisterte-gross-und-klein\/#article","isPartOf":{"@id":"https:\/\/www.gmsa.ch\/de\/tag-der-offenen-tuer-der-moulin-du-valais-sa-begeisterte-gross-und-klein\/"},"author":{"name":"Esther Nussbaumer","@id":"https:\/\/www.gmsa.ch\/de\/#\/schema\/person\/01e37747c56bd4f8c778c43e37fbb970"},"headline":"Tag der Offenen T\u00fcr der Moulin du Valais SA begeisterte Gross und Klein","datePublished":"2026-06-08T09:06:47+00:00","dateModified":"2026-06-08T09:12:52+00:00","mainEntityOfPage":{"@id":"https:\/\/www.gmsa.ch\/de\/tag-der-offenen-tuer-der-moulin-du-valais-sa-begeisterte-gross-und-klein\/"},"wordCount":485,"publisher":{"@id":"https:\/\/www.gmsa.ch\/de\/#organization"},"image":{"@id":"https:\/\/www.gmsa.ch\/de\/tag-der-offenen-tuer-der-moulin-du-valais-sa-begeisterte-gross-und-klein\/#primaryimage"},"thumbnailUrl":"https:\/\/www.gmsa.ch\/wp-content\/uploads\/2026\/06\/Moulin-du-Valais-SA.jpg","articleSection":["Home","Standorte &amp; Infrastrukturen","Unkategorisiert","Unternehmensaktivit\u00e4ten"],"inLanguage":"de"},{"@type":"WebPage","@id":"https:\/\/www.gmsa.ch\/de\/tag-der-offenen-tuer-der-moulin-du-valais-sa-begeisterte-gross-und-klein\/","url":"https:\/\/www.gmsa.ch\/de\/tag-der-offenen-tuer-der-moulin-du-valais-sa-begeisterte-gross-und-klein\/","name":"Tag der Offenen T\u00fcr der Moulin du Valais SA begeisterte Gross und Klein - GMSA","isPartOf":{"@id":"https:\/\/www.gmsa.ch\/de\/#website"},"primaryImageOfPage":{"@id":"https:\/\/www.gmsa.ch\/de\/tag-der-offenen-tuer-der-moulin-du-valais-sa-begeisterte-gross-und-klein\/#primaryimage"},"image":{"@id":"https:\/\/www.gmsa.ch\/de\/tag-der-offenen-tuer-der-moulin-du-valais-sa-begeisterte-gross-und-klein\/#primaryimage"},"thumbnailUrl":"https:\/\/www.gmsa.ch\/wp-content\/uploads\/2026\/06\/Moulin-du-Valais-SA.jpg","datePublished":"2026-06-08T09:06:47+00:00","dateModified":"2026-06-08T09:12:52+00:00","breadcrumb":{"@id":"https:\/\/www.gmsa.ch\/de\/tag-der-offenen-tuer-der-moulin-du-valais-sa-begeisterte-gross-und-klein\/#breadcrumb"},"inLanguage":"de","potentialAction":[{"@type":"ReadAction","target":["https:\/\/www.gmsa.ch\/de\/tag-der-offenen-tuer-der-moulin-du-valais-sa-begeisterte-gross-und-klein\/"]}]},{"@type":"ImageObject","inLanguage":"de","@id":"https:\/\/www.gmsa.ch\/de\/tag-der-offenen-tuer-der-moulin-du-valais-sa-begeisterte-gross-und-klein\/#primaryimage","url":"https:\/\/www.gmsa.ch\/wp-content\/uploads\/2026\/06\/Moulin-du-Valais-SA.jpg","contentUrl":"https:\/\/www.gmsa.ch\/wp-content\/uploads\/2026\/06\/Moulin-du-Valais-SA.jpg","width":2000,"height":1500,"caption":"Das Foto zeigt die Moulin du Valais SA unter einem sch\u00f6nen blauen Himmel."},{"@type":"BreadcrumbList","@id":"https:\/\/www.gmsa.ch\/de\/tag-der-offenen-tuer-der-moulin-du-valais-sa-begeisterte-gross-und-klein\/#breadcrumb","itemListElement":[{"@type":"ListItem","position":1,"name":"Home","item":"https:\/\/www.gmsa.ch\/de\/"},{"@type":"ListItem","position":2,"name":"Tag der Offenen T\u00fcr der Moulin du Valais SA begeisterte Gross und Klein"}]},{"@type":"WebSite","@id":"https:\/\/www.gmsa.ch\/de\/#website","url":"https:\/\/www.gmsa.ch\/de\/","name":"GMSA","description":"","publisher":{"@id":"https:\/\/www.gmsa.ch\/de\/#organization"},"potentialAction":[{"@type":"SearchAction","target":{"@type":"EntryPoint","urlTemplate":"https:\/\/www.gmsa.ch\/de\/?s={search_term_string}"},"query-input":{"@type":"PropertyValueSpecification","valueRequired":true,"valueName":"search_term_string"}}],"inLanguage":"de"},{"@type":"Organization","@id":"https:\/\/www.gmsa.ch\/de\/#organization","name":"GMSA","url":"https:\/\/www.gmsa.ch\/de\/","logo":{"@type":"ImageObject","inLanguage":"de","@id":"https:\/\/www.gmsa.ch\/de\/#\/schema\/logo\/image\/","url":"https:\/\/www.gmsa.ch\/wp-content\/uploads\/2023\/08\/white-logo.svg","contentUrl":"https:\/\/www.gmsa.ch\/wp-content\/uploads\/2023\/08\/white-logo.svg","width":184,"height":49,"caption":"GMSA"},"image":{"@id":"https:\/\/www.gmsa.ch\/de\/#\/schema\/logo\/image\/"},"sameAs":["https:\/\/www.linkedin.com\/company\/groupe-minoteries-sa"]},{"@type":"Person","@id":"https:\/\/www.gmsa.ch\/de\/#\/schema\/person\/01e37747c56bd4f8c778c43e37fbb970","name":"Esther Nussbaumer","image":{"@type":"ImageObject","inLanguage":"de","@id":"https:\/\/secure.gravatar.com\/avatar\/398f4c2ff9e612e923675cf3c7b05a7caa984c6a7f1a9917fc961160cba5b3b8?s=96&d=mm&r=g","url":"https:\/\/secure.gravatar.com\/avatar\/398f4c2ff9e612e923675cf3c7b05a7caa984c6a7f1a9917fc961160cba5b3b8?s=96&d=mm&r=g","contentUrl":"https:\/\/secure.gravatar.com\/avatar\/398f4c2ff9e612e923675cf3c7b05a7caa984c6a7f1a9917fc961160cba5b3b8?s=96&d=mm&r=g","caption":"Esther Nussbaumer"},"url":"https:\/\/www.gmsa.ch\/de\/author\/esther-nussbaumer\/"}]}},"_links":{"self":[{"href":"https:\/\/www.gmsa.ch\/de\/wp-json\/wp\/v2\/posts\/15461","targetHints":{"allow":["GET"]}}],"collection":[{"href":"https:\/\/www.gmsa.ch\/de\/wp-json\/wp\/v2\/posts"}],"about":[{"href":"https:\/\/www.gmsa.ch\/de\/wp-json\/wp\/v2\/types\/post"}],"author":[{"embeddable":true,"href":"https:\/\/www.gmsa.ch\/de\/wp-json\/wp\/v2\/users\/21"}],"replies":[{"embeddable":true,"href":"https:\/\/www.gmsa.ch\/de\/wp-json\/wp\/v2\/comments?post=15461"}],"version-history":[{"count":7,"href":"https:\/\/www.gmsa.ch\/de\/wp-json\/wp\/v2\/posts\/15461\/revisions"}],"predecessor-version":[{"id":15472,"href":"https:\/\/www.gmsa.ch\/de\/wp-json\/wp\/v2\/posts\/15461\/revisions\/15472"}],"wp:featuredmedia":[{"embeddable":true,"href":"https:\/\/www.gmsa.ch\/de\/wp-json\/wp\/v2\/media\/15435"}],"wp:attachment":[{"href":"https:\/\/www.gmsa.ch\/de\/wp-json\/wp\/v2\/media?parent=15461"}],"wp:term":[{"taxonomy":"category","embeddable":true,"href":"https:\/\/www.gmsa.ch\/de\/wp-json\/wp\/v2\/categories?post=15461"},{"taxonomy":"post_tag","embeddable":true,"href":"https:\/\/www.gmsa.ch\/de\/wp-json\/wp\/v2\/tags?post=15461"}],"curies":[{"name":"wp","href":"https:\/\/api.w.org\/{rel}","templated":true}]}}