{"id":15201,"date":"2026-05-05T12:21:35","date_gmt":"2026-05-05T11:21:35","guid":{"rendered":"https:\/\/www.gmsa.ch\/?p=15201"},"modified":"2026-06-08T10:13:28","modified_gmt":"2026-06-08T09:13:28","slug":"die-prognosen-fuer-die-ernte-2026-zeichnen-ein-aeusserst-positives-bild-fuer-die-schweiz","status":"publish","type":"post","link":"https:\/\/www.gmsa.ch\/de\/die-prognosen-fuer-die-ernte-2026-zeichnen-ein-aeusserst-positives-bild-fuer-die-schweiz\/","title":{"rendered":"Die Prognosen f\u00fcr die Ernte 2026 zeichnen ein \u00e4usserst positives Bild f\u00fcr die Schweiz"},"content":{"rendered":"\n<div class=\"acf-container desktop:py-0 tablet:py-0 py-0 \"id=acf-block-64f899a480879>\n            <div class=\"acf-container__bg-overlay\" style=\"background: rgba(0, 0, 0, 0)\"><\/div>\n                <div class=\"container\">\n        \n\n<div class=\"acf-columns cols-gap-default reverse-none justify-start desktop:py-0 tablet:py-0 py-0\"id=acf-block-64f848fc822f3>\n    \n\n<div class=\"acf-tp-column two-third \"id=acf-block-64f848fc8230f>\n    <div class=\"acf-tp-column__box has-vertical-top py-0 px-0 tablet:py-0 tablet:px-0 desktop:px-0 desktop:py-0 \">\n                    <div class=\"acf-tp-column__bg-overlay\" style=\"background: rgba(0, 0, 0, 0)\"><\/div>\n                                <div class=\"acf-tp-column__box-content \">\n            \n\n<p class=\"has-terracotta-color has-text-color has-link-color has-32-font-size wp-elements-1 wp-block-paragraph\">Die Prognosen zeichnen ein \u00e4usserst positives Bild f\u00fcr die Schweiz: Steigende Anbaufl\u00e4chen, optimale Vegetationsbedingungen und historisch hohe Lagerbest\u00e4nde lassen auf ein aussergew\u00f6hnlich gutes Jahr hoffen.<\/p>\n\n\n\n<div class=\"acf-spacer h-[16px] tablet:h-[24px] desktop:h-[32px]\" id=acf-block-64f899a480b8c ><\/div>\n\n\n<p class=\"has-32-font-size wp-block-paragraph\">Diese Entwicklung deutet auf eine besonders hohe Verf\u00fcgbarkeit von inl\u00e4ndischem Getreide in der kommenden Saison hin. Sie wird sowohl durch die Ausweitung der Anbaufl\u00e4chen als auch durch die g\u00fcnstigen Wachstumsbedingungen gest\u00fctzt.<\/p>\n\n\n\n<p class=\"has-32-font-size wp-block-paragraph\">Gleichzeitig bringt diese Dynamik jedoch Herausforderungen mit sich: Der wachsende Angebotsdruck d\u00fcrfte die Preise belasten und die Wettbewerbsf\u00e4higkeit beeintr\u00e4chtigen. Verst\u00e4rkt wird dieser Effekt durch die anhaltende Differenz zu den internationalen M\u00e4rkten sowie durch Unsicherheiten im Hinblick auf strategische Entscheidungen innerhalb der Branche.<\/p>\n\n\n\n<div class=\"acf-spacer h-[48px] tablet:h-[56px] desktop:h-[64px]\" id=acf-block-64f899a480b8c ><\/div>\n\n        <\/div>\n    <\/div>\n<\/div>\n\n<\/div>\n\n\n\n\n\n    <\/div>\n<\/div>\n\n\n\n\n\n<div class=\"acf-container desktop:py-0 tablet:py-0 py-0 \"id=acf-block-6501c71807ce6>\n            <div class=\"acf-container__bg-overlay\" style=\"background: rgba(0, 0, 0, 0)\"><\/div>\n                <div class=\"container\">\n        \n\n    <div class=\"acf-buttons start flex-col\"id=acf-block-6501df7c41d2b>\n\n        \n                            <a href=\"https:\/\/www.gmsa.ch\/wp-content\/uploads\/2026\/05\/GMSA_Pre-information_recolte-DE_20260505-01.pdf\" target=\"_blank\"\n                   class=\"acf-button__button\">Laden Sie das vollst\u00e4ndige Dokument herunter<\/a>\n            \n            \n            <\/div>\n\n\n\n<div class=\"acf-spacer h-[48px] tablet:h-[56px] desktop:h-[64px]\" id=acf-block-64f899a480b8c ><\/div>\n\n    <\/div>\n<\/div>\n\n\n\n\n\n<p class=\"wp-block-paragraph\"><\/p>\n","protected":false},"excerpt":{"rendered":"<p>Die Prognosen f\u00fcr die Ernte 2026  zeichnen ein \u00e4usserst positives Bild f\u00fcr die Schweiz: Steigende Anbaufl\u00e4chen, optimale Vegetationsbedingungen und historisch hohe Lagerbest\u00e4nde lassen auf ein aussergew\u00f6hnlich gutes Jahr hoffen.<\/p>\n","protected":false},"author":21,"featured_media":13914,"comment_status":"closed","ping_status":"closed","sticky":false,"template":"","format":"standard","meta":{"_acf_changed":false,"_searchwp_excluded":"","footnotes":""},"categories":[21,78,81,82],"tags":[],"class_list":["post-15201","post","type-post","status-publish","format-standard","has-post-thumbnail","hentry","category-home-de","category-kategorien","category-standorte-infrastrukturen","category-unternehmensaktivitaeten"],"acf":[],"yoast_head":"<title>Die Prognosen f\u00fcr die Ernte 2026 und die Schweiz - GMSA<\/title>\n<meta name=\"description\" content=\"Die Prognosen f\u00fcr die Ernte 2026 zeichnen ein \u00e4usserst positives Bild f\u00fcr die Schweiz\" \/>\n<meta name=\"robots\" content=\"index, follow, max-snippet:-1, max-image-preview:large, max-video-preview:-1\" \/>\n<link rel=\"canonical\" href=\"https:\/\/www.gmsa.ch\/de\/die-prognosen-fuer-die-ernte-2026-zeichnen-ein-aeusserst-positives-bild-fuer-die-schweiz\/\" \/>\n<meta property=\"og:locale\" content=\"de_DE\" \/>\n<meta property=\"og:type\" content=\"article\" \/>\n<meta property=\"og:title\" content=\"Die Prognosen f\u00fcr die Ernte 2026 zeichnen ein \u00e4usserst positives Bild f\u00fcr die Schweiz\" \/>\n<meta property=\"og:description\" content=\"Die Prognosen f\u00fcr die Ernte 2026 zeichnen ein \u00e4usserst positives Bild f\u00fcr die Schweiz\" \/>\n<meta property=\"og:url\" content=\"https:\/\/www.gmsa.ch\/de\/die-prognosen-fuer-die-ernte-2026-zeichnen-ein-aeusserst-positives-bild-fuer-die-schweiz\/\" \/>\n<meta property=\"og:site_name\" content=\"GMSA\" \/>\n<meta property=\"article:published_time\" content=\"2026-05-05T11:21:35+00:00\" \/>\n<meta property=\"article:modified_time\" content=\"2026-06-08T09:13:28+00:00\" \/>\n<meta property=\"og:image\" content=\"https:\/\/www.gmsa.ch\/wp-content\/uploads\/2025\/07\/GMSA_pre-recolte_2024_01_RVB-scaled.png\" \/>\n\t<meta property=\"og:image:width\" content=\"1\" \/>\n\t<meta property=\"og:image:height\" content=\"1\" \/>\n\t<meta property=\"og:image:type\" content=\"image\/png\" \/>\n<meta name=\"author\" content=\"Esther Nussbaumer\" \/>\n<meta name=\"twitter:card\" content=\"summary_large_image\" \/>\n<meta name=\"twitter:label1\" content=\"Verfasst von\" \/>\n\t<meta name=\"twitter:data1\" content=\"Esther Nussbaumer\" \/>\n\t<meta name=\"twitter:label2\" content=\"Gesch\u00e4tzte Lesezeit\" \/>\n\t<meta name=\"twitter:data2\" content=\"1\u00a0Minute\" \/>\n<script type=\"application\/ld+json\" class=\"yoast-schema-graph\">{\"@context\":\"https:\\\/\\\/schema.org\",\"@graph\":[{\"@type\":\"Article\",\"@id\":\"https:\\\/\\\/www.gmsa.ch\\\/de\\\/die-prognosen-fuer-die-ernte-2026-zeichnen-ein-aeusserst-positives-bild-fuer-die-schweiz\\\/#article\",\"isPartOf\":{\"@id\":\"https:\\\/\\\/www.gmsa.ch\\\/de\\\/die-prognosen-fuer-die-ernte-2026-zeichnen-ein-aeusserst-positives-bild-fuer-die-schweiz\\\/\"},\"author\":{\"name\":\"Esther Nussbaumer\",\"@id\":\"https:\\\/\\\/www.gmsa.ch\\\/de\\\/#\\\/schema\\\/person\\\/01e37747c56bd4f8c778c43e37fbb970\"},\"headline\":\"Die Prognosen f\u00fcr die Ernte 2026 zeichnen ein \u00e4usserst positives Bild f\u00fcr die Schweiz\",\"datePublished\":\"2026-05-05T11:21:35+00:00\",\"dateModified\":\"2026-06-08T09:13:28+00:00\",\"mainEntityOfPage\":{\"@id\":\"https:\\\/\\\/www.gmsa.ch\\\/de\\\/die-prognosen-fuer-die-ernte-2026-zeichnen-ein-aeusserst-positives-bild-fuer-die-schweiz\\\/\"},\"wordCount\":127,\"publisher\":{\"@id\":\"https:\\\/\\\/www.gmsa.ch\\\/de\\\/#organization\"},\"image\":{\"@id\":\"https:\\\/\\\/www.gmsa.ch\\\/de\\\/die-prognosen-fuer-die-ernte-2026-zeichnen-ein-aeusserst-positives-bild-fuer-die-schweiz\\\/#primaryimage\"},\"thumbnailUrl\":\"https:\\\/\\\/www.gmsa.ch\\\/wp-content\\\/uploads\\\/2025\\\/07\\\/GMSA_pre-recolte_2024_01_RVB-scaled.png\",\"articleSection\":[\"Home\",\"Kategorien\",\"Standorte &amp; Infrastrukturen\",\"Unternehmensaktivit\u00e4ten\"],\"inLanguage\":\"de\"},{\"@type\":\"WebPage\",\"@id\":\"https:\\\/\\\/www.gmsa.ch\\\/de\\\/die-prognosen-fuer-die-ernte-2026-zeichnen-ein-aeusserst-positives-bild-fuer-die-schweiz\\\/\",\"url\":\"https:\\\/\\\/www.gmsa.ch\\\/de\\\/die-prognosen-fuer-die-ernte-2026-zeichnen-ein-aeusserst-positives-bild-fuer-die-schweiz\\\/\",\"name\":\"Die Prognosen f\u00fcr die Ernte 2026 und die Schweiz - GMSA\",\"isPartOf\":{\"@id\":\"https:\\\/\\\/www.gmsa.ch\\\/de\\\/#website\"},\"primaryImageOfPage\":{\"@id\":\"https:\\\/\\\/www.gmsa.ch\\\/de\\\/die-prognosen-fuer-die-ernte-2026-zeichnen-ein-aeusserst-positives-bild-fuer-die-schweiz\\\/#primaryimage\"},\"image\":{\"@id\":\"https:\\\/\\\/www.gmsa.ch\\\/de\\\/die-prognosen-fuer-die-ernte-2026-zeichnen-ein-aeusserst-positives-bild-fuer-die-schweiz\\\/#primaryimage\"},\"thumbnailUrl\":\"https:\\\/\\\/www.gmsa.ch\\\/wp-content\\\/uploads\\\/2025\\\/07\\\/GMSA_pre-recolte_2024_01_RVB-scaled.png\",\"datePublished\":\"2026-05-05T11:21:35+00:00\",\"dateModified\":\"2026-06-08T09:13:28+00:00\",\"description\":\"Die Prognosen f\u00fcr die Ernte 2026 zeichnen ein \u00e4usserst positives Bild f\u00fcr die Schweiz\",\"breadcrumb\":{\"@id\":\"https:\\\/\\\/www.gmsa.ch\\\/de\\\/die-prognosen-fuer-die-ernte-2026-zeichnen-ein-aeusserst-positives-bild-fuer-die-schweiz\\\/#breadcrumb\"},\"inLanguage\":\"de\",\"potentialAction\":[{\"@type\":\"ReadAction\",\"target\":[\"https:\\\/\\\/www.gmsa.ch\\\/de\\\/die-prognosen-fuer-die-ernte-2026-zeichnen-ein-aeusserst-positives-bild-fuer-die-schweiz\\\/\"]}]},{\"@type\":\"ImageObject\",\"inLanguage\":\"de\",\"@id\":\"https:\\\/\\\/www.gmsa.ch\\\/de\\\/die-prognosen-fuer-die-ernte-2026-zeichnen-ein-aeusserst-positives-bild-fuer-die-schweiz\\\/#primaryimage\",\"url\":\"https:\\\/\\\/www.gmsa.ch\\\/wp-content\\\/uploads\\\/2025\\\/07\\\/GMSA_pre-recolte_2024_01_RVB-scaled.png\",\"contentUrl\":\"https:\\\/\\\/www.gmsa.ch\\\/wp-content\\\/uploads\\\/2025\\\/07\\\/GMSA_pre-recolte_2024_01_RVB-scaled.png\",\"caption\":\"R\u00e9colte\"},{\"@type\":\"BreadcrumbList\",\"@id\":\"https:\\\/\\\/www.gmsa.ch\\\/de\\\/die-prognosen-fuer-die-ernte-2026-zeichnen-ein-aeusserst-positives-bild-fuer-die-schweiz\\\/#breadcrumb\",\"itemListElement\":[{\"@type\":\"ListItem\",\"position\":1,\"name\":\"Home\",\"item\":\"https:\\\/\\\/www.gmsa.ch\\\/de\\\/\"},{\"@type\":\"ListItem\",\"position\":2,\"name\":\"Die Prognosen f\u00fcr die Ernte 2026 zeichnen ein \u00e4usserst positives Bild f\u00fcr die Schweiz\"}]},{\"@type\":\"WebSite\",\"@id\":\"https:\\\/\\\/www.gmsa.ch\\\/de\\\/#website\",\"url\":\"https:\\\/\\\/www.gmsa.ch\\\/de\\\/\",\"name\":\"GMSA\",\"description\":\"\",\"publisher\":{\"@id\":\"https:\\\/\\\/www.gmsa.ch\\\/de\\\/#organization\"},\"potentialAction\":[{\"@type\":\"SearchAction\",\"target\":{\"@type\":\"EntryPoint\",\"urlTemplate\":\"https:\\\/\\\/www.gmsa.ch\\\/de\\\/?s={search_term_string}\"},\"query-input\":{\"@type\":\"PropertyValueSpecification\",\"valueRequired\":true,\"valueName\":\"search_term_string\"}}],\"inLanguage\":\"de\"},{\"@type\":\"Organization\",\"@id\":\"https:\\\/\\\/www.gmsa.ch\\\/de\\\/#organization\",\"name\":\"GMSA\",\"url\":\"https:\\\/\\\/www.gmsa.ch\\\/de\\\/\",\"logo\":{\"@type\":\"ImageObject\",\"inLanguage\":\"de\",\"@id\":\"https:\\\/\\\/www.gmsa.ch\\\/de\\\/#\\\/schema\\\/logo\\\/image\\\/\",\"url\":\"https:\\\/\\\/www.gmsa.ch\\\/wp-content\\\/uploads\\\/2023\\\/08\\\/white-logo.svg\",\"contentUrl\":\"https:\\\/\\\/www.gmsa.ch\\\/wp-content\\\/uploads\\\/2023\\\/08\\\/white-logo.svg\",\"width\":184,\"height\":49,\"caption\":\"GMSA\"},\"image\":{\"@id\":\"https:\\\/\\\/www.gmsa.ch\\\/de\\\/#\\\/schema\\\/logo\\\/image\\\/\"},\"sameAs\":[\"https:\\\/\\\/www.linkedin.com\\\/company\\\/groupe-minoteries-sa\"]},{\"@type\":\"Person\",\"@id\":\"https:\\\/\\\/www.gmsa.ch\\\/de\\\/#\\\/schema\\\/person\\\/01e37747c56bd4f8c778c43e37fbb970\",\"name\":\"Esther Nussbaumer\",\"image\":{\"@type\":\"ImageObject\",\"inLanguage\":\"de\",\"@id\":\"https:\\\/\\\/secure.gravatar.com\\\/avatar\\\/398f4c2ff9e612e923675cf3c7b05a7caa984c6a7f1a9917fc961160cba5b3b8?s=96&d=mm&r=g\",\"url\":\"https:\\\/\\\/secure.gravatar.com\\\/avatar\\\/398f4c2ff9e612e923675cf3c7b05a7caa984c6a7f1a9917fc961160cba5b3b8?s=96&d=mm&r=g\",\"contentUrl\":\"https:\\\/\\\/secure.gravatar.com\\\/avatar\\\/398f4c2ff9e612e923675cf3c7b05a7caa984c6a7f1a9917fc961160cba5b3b8?s=96&d=mm&r=g\",\"caption\":\"Esther Nussbaumer\"},\"url\":\"https:\\\/\\\/www.gmsa.ch\\\/de\\\/author\\\/esther-nussbaumer\\\/\"}]}<\/script>","yoast_head_json":{"title":"Die Prognosen f\u00fcr die Ernte 2026 und die Schweiz - GMSA","description":"Die Prognosen f\u00fcr die Ernte 2026 zeichnen ein \u00e4usserst positives Bild f\u00fcr die Schweiz","robots":{"index":"index","follow":"follow","max-snippet":"max-snippet:-1","max-image-preview":"max-image-preview:large","max-video-preview":"max-video-preview:-1"},"canonical":"https:\/\/www.gmsa.ch\/de\/die-prognosen-fuer-die-ernte-2026-zeichnen-ein-aeusserst-positives-bild-fuer-die-schweiz\/","og_locale":"de_DE","og_type":"article","og_title":"Die Prognosen f\u00fcr die Ernte 2026 zeichnen ein \u00e4usserst positives Bild f\u00fcr die Schweiz","og_description":"Die Prognosen f\u00fcr die Ernte 2026 zeichnen ein \u00e4usserst positives Bild f\u00fcr die Schweiz","og_url":"https:\/\/www.gmsa.ch\/de\/die-prognosen-fuer-die-ernte-2026-zeichnen-ein-aeusserst-positives-bild-fuer-die-schweiz\/","og_site_name":"GMSA","article_published_time":"2026-05-05T11:21:35+00:00","article_modified_time":"2026-06-08T09:13:28+00:00","og_image":[{"url":"https:\/\/www.gmsa.ch\/wp-content\/uploads\/2025\/07\/GMSA_pre-recolte_2024_01_RVB-scaled.png","width":1,"height":1,"type":"image\/png"}],"author":"Esther Nussbaumer","twitter_card":"summary_large_image","twitter_misc":{"Verfasst von":"Esther Nussbaumer","Gesch\u00e4tzte Lesezeit":"1\u00a0Minute"},"schema":{"@context":"https:\/\/schema.org","@graph":[{"@type":"Article","@id":"https:\/\/www.gmsa.ch\/de\/die-prognosen-fuer-die-ernte-2026-zeichnen-ein-aeusserst-positives-bild-fuer-die-schweiz\/#article","isPartOf":{"@id":"https:\/\/www.gmsa.ch\/de\/die-prognosen-fuer-die-ernte-2026-zeichnen-ein-aeusserst-positives-bild-fuer-die-schweiz\/"},"author":{"name":"Esther Nussbaumer","@id":"https:\/\/www.gmsa.ch\/de\/#\/schema\/person\/01e37747c56bd4f8c778c43e37fbb970"},"headline":"Die Prognosen f\u00fcr die Ernte 2026 zeichnen ein \u00e4usserst positives Bild f\u00fcr die Schweiz","datePublished":"2026-05-05T11:21:35+00:00","dateModified":"2026-06-08T09:13:28+00:00","mainEntityOfPage":{"@id":"https:\/\/www.gmsa.ch\/de\/die-prognosen-fuer-die-ernte-2026-zeichnen-ein-aeusserst-positives-bild-fuer-die-schweiz\/"},"wordCount":127,"publisher":{"@id":"https:\/\/www.gmsa.ch\/de\/#organization"},"image":{"@id":"https:\/\/www.gmsa.ch\/de\/die-prognosen-fuer-die-ernte-2026-zeichnen-ein-aeusserst-positives-bild-fuer-die-schweiz\/#primaryimage"},"thumbnailUrl":"https:\/\/www.gmsa.ch\/wp-content\/uploads\/2025\/07\/GMSA_pre-recolte_2024_01_RVB-scaled.png","articleSection":["Home","Kategorien","Standorte &amp; Infrastrukturen","Unternehmensaktivit\u00e4ten"],"inLanguage":"de"},{"@type":"WebPage","@id":"https:\/\/www.gmsa.ch\/de\/die-prognosen-fuer-die-ernte-2026-zeichnen-ein-aeusserst-positives-bild-fuer-die-schweiz\/","url":"https:\/\/www.gmsa.ch\/de\/die-prognosen-fuer-die-ernte-2026-zeichnen-ein-aeusserst-positives-bild-fuer-die-schweiz\/","name":"Die Prognosen f\u00fcr die Ernte 2026 und die Schweiz - GMSA","isPartOf":{"@id":"https:\/\/www.gmsa.ch\/de\/#website"},"primaryImageOfPage":{"@id":"https:\/\/www.gmsa.ch\/de\/die-prognosen-fuer-die-ernte-2026-zeichnen-ein-aeusserst-positives-bild-fuer-die-schweiz\/#primaryimage"},"image":{"@id":"https:\/\/www.gmsa.ch\/de\/die-prognosen-fuer-die-ernte-2026-zeichnen-ein-aeusserst-positives-bild-fuer-die-schweiz\/#primaryimage"},"thumbnailUrl":"https:\/\/www.gmsa.ch\/wp-content\/uploads\/2025\/07\/GMSA_pre-recolte_2024_01_RVB-scaled.png","datePublished":"2026-05-05T11:21:35+00:00","dateModified":"2026-06-08T09:13:28+00:00","description":"Die Prognosen f\u00fcr die Ernte 2026 zeichnen ein \u00e4usserst positives Bild f\u00fcr die Schweiz","breadcrumb":{"@id":"https:\/\/www.gmsa.ch\/de\/die-prognosen-fuer-die-ernte-2026-zeichnen-ein-aeusserst-positives-bild-fuer-die-schweiz\/#breadcrumb"},"inLanguage":"de","potentialAction":[{"@type":"ReadAction","target":["https:\/\/www.gmsa.ch\/de\/die-prognosen-fuer-die-ernte-2026-zeichnen-ein-aeusserst-positives-bild-fuer-die-schweiz\/"]}]},{"@type":"ImageObject","inLanguage":"de","@id":"https:\/\/www.gmsa.ch\/de\/die-prognosen-fuer-die-ernte-2026-zeichnen-ein-aeusserst-positives-bild-fuer-die-schweiz\/#primaryimage","url":"https:\/\/www.gmsa.ch\/wp-content\/uploads\/2025\/07\/GMSA_pre-recolte_2024_01_RVB-scaled.png","contentUrl":"https:\/\/www.gmsa.ch\/wp-content\/uploads\/2025\/07\/GMSA_pre-recolte_2024_01_RVB-scaled.png","caption":"R\u00e9colte"},{"@type":"BreadcrumbList","@id":"https:\/\/www.gmsa.ch\/de\/die-prognosen-fuer-die-ernte-2026-zeichnen-ein-aeusserst-positives-bild-fuer-die-schweiz\/#breadcrumb","itemListElement":[{"@type":"ListItem","position":1,"name":"Home","item":"https:\/\/www.gmsa.ch\/de\/"},{"@type":"ListItem","position":2,"name":"Die Prognosen f\u00fcr die Ernte 2026 zeichnen ein \u00e4usserst positives Bild f\u00fcr die Schweiz"}]},{"@type":"WebSite","@id":"https:\/\/www.gmsa.ch\/de\/#website","url":"https:\/\/www.gmsa.ch\/de\/","name":"GMSA","description":"","publisher":{"@id":"https:\/\/www.gmsa.ch\/de\/#organization"},"potentialAction":[{"@type":"SearchAction","target":{"@type":"EntryPoint","urlTemplate":"https:\/\/www.gmsa.ch\/de\/?s={search_term_string}"},"query-input":{"@type":"PropertyValueSpecification","valueRequired":true,"valueName":"search_term_string"}}],"inLanguage":"de"},{"@type":"Organization","@id":"https:\/\/www.gmsa.ch\/de\/#organization","name":"GMSA","url":"https:\/\/www.gmsa.ch\/de\/","logo":{"@type":"ImageObject","inLanguage":"de","@id":"https:\/\/www.gmsa.ch\/de\/#\/schema\/logo\/image\/","url":"https:\/\/www.gmsa.ch\/wp-content\/uploads\/2023\/08\/white-logo.svg","contentUrl":"https:\/\/www.gmsa.ch\/wp-content\/uploads\/2023\/08\/white-logo.svg","width":184,"height":49,"caption":"GMSA"},"image":{"@id":"https:\/\/www.gmsa.ch\/de\/#\/schema\/logo\/image\/"},"sameAs":["https:\/\/www.linkedin.com\/company\/groupe-minoteries-sa"]},{"@type":"Person","@id":"https:\/\/www.gmsa.ch\/de\/#\/schema\/person\/01e37747c56bd4f8c778c43e37fbb970","name":"Esther Nussbaumer","image":{"@type":"ImageObject","inLanguage":"de","@id":"https:\/\/secure.gravatar.com\/avatar\/398f4c2ff9e612e923675cf3c7b05a7caa984c6a7f1a9917fc961160cba5b3b8?s=96&d=mm&r=g","url":"https:\/\/secure.gravatar.com\/avatar\/398f4c2ff9e612e923675cf3c7b05a7caa984c6a7f1a9917fc961160cba5b3b8?s=96&d=mm&r=g","contentUrl":"https:\/\/secure.gravatar.com\/avatar\/398f4c2ff9e612e923675cf3c7b05a7caa984c6a7f1a9917fc961160cba5b3b8?s=96&d=mm&r=g","caption":"Esther Nussbaumer"},"url":"https:\/\/www.gmsa.ch\/de\/author\/esther-nussbaumer\/"}]}},"_links":{"self":[{"href":"https:\/\/www.gmsa.ch\/de\/wp-json\/wp\/v2\/posts\/15201","targetHints":{"allow":["GET"]}}],"collection":[{"href":"https:\/\/www.gmsa.ch\/de\/wp-json\/wp\/v2\/posts"}],"about":[{"href":"https:\/\/www.gmsa.ch\/de\/wp-json\/wp\/v2\/types\/post"}],"author":[{"embeddable":true,"href":"https:\/\/www.gmsa.ch\/de\/wp-json\/wp\/v2\/users\/21"}],"replies":[{"embeddable":true,"href":"https:\/\/www.gmsa.ch\/de\/wp-json\/wp\/v2\/comments?post=15201"}],"version-history":[{"count":3,"href":"https:\/\/www.gmsa.ch\/de\/wp-json\/wp\/v2\/posts\/15201\/revisions"}],"predecessor-version":[{"id":15205,"href":"https:\/\/www.gmsa.ch\/de\/wp-json\/wp\/v2\/posts\/15201\/revisions\/15205"}],"wp:featuredmedia":[{"embeddable":true,"href":"https:\/\/www.gmsa.ch\/de\/wp-json\/wp\/v2\/media\/13914"}],"wp:attachment":[{"href":"https:\/\/www.gmsa.ch\/de\/wp-json\/wp\/v2\/media?parent=15201"}],"wp:term":[{"taxonomy":"category","embeddable":true,"href":"https:\/\/www.gmsa.ch\/de\/wp-json\/wp\/v2\/categories?post=15201"},{"taxonomy":"post_tag","embeddable":true,"href":"https:\/\/www.gmsa.ch\/de\/wp-json\/wp\/v2\/tags?post=15201"}],"curies":[{"name":"wp","href":"https:\/\/api.w.org\/{rel}","templated":true}]}}