{"id":15136,"date":"2026-03-25T13:34:24","date_gmt":"2026-03-25T12:34:24","guid":{"rendered":"https:\/\/www.gmsa.ch\/?p=15136"},"modified":"2026-05-07T12:58:16","modified_gmt":"2026-05-07T11:58:16","slug":"zukunft-durch-tradition-mit-der-steinmuehle-loesung","status":"publish","type":"post","link":"https:\/\/www.gmsa.ch\/de\/zukunft-durch-tradition-mit-der-steinmuehle-loesung\/","title":{"rendered":"Zukunft durch Tradition mit der Steinm\u00fchle-L\u00f6sung"},"content":{"rendered":"\n<figure class=\"wp-block-image\"><img decoding=\"async\" src=\"https:\/\/www.gmsa.ch\/wp-content\/uploads\/2023\/10\/round-small-logo.svg\" alt=\"Ic\u00f4ne du site\"\/><\/figure>\n\n\n\n<div class=\"acf-container desktop:py-0 tablet:py-0 py-0 \"id=acf-block-64f899a480879>\n            <div class=\"acf-container__bg-overlay\" style=\"background: rgba(0, 0, 0, 0)\"><\/div>\n                <div class=\"container\">\n        \n\n<div class=\"acf-columns cols-gap-default reverse-none justify-start desktop:py-0 tablet:py-0 py-0\"id=acf-block-64f848fc822f3>\n    \n\n<div class=\"acf-tp-column two-third \"id=acf-block-64f848fc8230f>\n    <div class=\"acf-tp-column__box has-vertical-top py-0 px-0 tablet:py-0 tablet:px-0 desktop:px-0 desktop:py-0 \">\n                    <div class=\"acf-tp-column__bg-overlay\" style=\"background: rgba(0, 0, 0, 0)\"><\/div>\n                                <div class=\"acf-tp-column__box-content \">\n            \n\n<h3 class=\"wp-block-heading is-style-font-mark has-terracotta-color has-text-color has-link-color has-24-font-size wp-elements-1\" id=\"h-blattern-sie-durch-unsere-neueste-april-ausgabe-unseres-magazins-scrollen-sie-nach-unten-um-die-komplette-magazin-pdf-version-herunterzuladen\">Bl\u00e4ttern Sie durch unsere neueste April-Ausgabe unseres Magazins. <a href=\"https:\/\/www.gmsa.ch\/wp-content\/uploads\/2024\/09\/GMSA-Info_Avril-2026_web-FR-20260312-01.pdf\">Scrollen Sie nach unten<\/a>, um die komplette Magazin- PDF-Version herunterzuladen!<\/h3>\n\n\n\n<div class=\"acf-spacer h-[24px] tablet:h-[32px] desktop:h-[40px]\" id=acf-block-64f899a480b8c ><\/div>\n\n\n\n\n\n<div class=\"acf-spacer h-[48px] tablet:h-[56px] desktop:h-[64px]\" id=acf-block-64f899a480b8c ><\/div>\n\n\n<p class=\"has-32-font-size wp-block-paragraph\">GMSA erweitert ihr Angebot mit der Einf\u00fchrung einer Linie authentischer, auf traditionellen M\u00fchlsteinen gemahlener Mehle in der Moulin du Valais SA in Riddes. Entdecken Sie, wie traditionelle M\u00fcllerhandwerk und technische Innovation handwerkliches K\u00f6nnen veredeln und einzigartige Brote mit Charakter hervorbringen.<\/p>\n\n\n\n<div class=\"acf-spacer h-[64px] tablet:h-[80px] desktop:h-[120px]\" id=acf-block-64f899a48092f ><\/div>\n\n        <\/div>\n    <\/div>\n<\/div>\n\n<\/div>\n\n\n\n\n\n    <\/div>\n<\/div>\n\n\n\n\n\n<div class=\"acf-container desktop:py-0 tablet:py-0 py-0 \"id=acf-block-6501c30338698>\n            <div class=\"acf-container__bg-overlay\" style=\"background: rgba(0, 0, 0, 0)\"><\/div>\n                <div class=\"container\">\n        \n\n<div class=\"acf-columns cols-gap-default reverse-none justify-between desktop:py-0 tablet:py-0 py-0\"id=acf-block-64f73707a9213>\n    \n\n<div class=\"acf-tp-column two-third \"id=acf-block-64f73707a9255>\n    <div class=\"acf-tp-column__box has-vertical-top py-0 px-0 tablet:py-0 tablet:px-0 desktop:px-0 desktop:py-0 \">\n                    <div class=\"acf-tp-column__bg-overlay\" style=\"background: rgba(0, 0, 0, 0)\"><\/div>\n                                <div class=\"acf-tp-column__box-content \">\n            \n\n<h5 class=\"wp-block-heading is-style-font-mark has-terracotta-color has-text-color has-link-color has-18-font-size wp-elements-2\" id=\"h-groupe\" style=\"text-transform:uppercase\">groupe<\/h5>\n\n\n\n<div class=\"acf-spacer h-[8px] tablet:h-[8px] desktop:h-[8px]\" id=acf-block-64f899a480b8c ><\/div>\n\n\n<h3 class=\"wp-block-heading\" id=\"h-zwicky-starkt-gmsa-mit-neuem-angebot\" style=\"text-transform:uppercase\">ZWICKY ST\u00c4RKT GMSA MIT NEUEM ANGEBOT<\/h3>\n\n\n\n<div class=\"acf-spacer h-[16px] tablet:h-[16px] desktop:h-[24px]\" id=acf-block-64f899a480b8c ><\/div>\n\n\n<p class=\"wp-block-paragraph\">Mit der Integration der Schweizerischen Sch\u00e4lm\u00fchle E. Zwicky AG im<br>vergangenen Juni st\u00e4rkt GMSA gezielt ihr Angebot an Getreidel\u00f6sungen,<br>funktionellen Zutaten, glutenfreien Spezialit\u00e4ten sowie Produkten mit hohem<br>ern\u00e4hrungsphysiologischem Mehrwert.<\/p>\n\n\n\n<p class=\"wp-block-paragraph\">Mit E. Zwicky AG festigen wir unsere Rolle als Referenzpartner f\u00fcr nachhaltige, ern\u00e4hrungsphysiologisch relevante, nat\u00fcrliche und marktorientierte pflanzliche L\u00f6sungen \u2013 ein konkreter Mehrwert f\u00fcr unsere Kunden.<\/p>\n\n\n        <\/div>\n    <\/div>\n<\/div>\n\n\n<div class=\"acf-tp-column one-third \"id=acf-block-64f73707a922b>\n    <div class=\"acf-tp-column__box has-vertical-top py-0 px-0 tablet:py-0 tablet:px-0 desktop:px-0 desktop:py-0 \">\n                    <div class=\"acf-tp-column__bg-overlay\" style=\"background: rgba(0, 0, 0, 0)\"><\/div>\n                                <div class=\"acf-tp-column__box-content \">\n            \n\n<figure class=\"wp-block-image size-full is-resized\"><img decoding=\"async\" width=\"1484\" height=\"1948\" src=\"https:\/\/www.gmsa.ch\/wp-content\/uploads\/2026\/03\/Zwicky-1.jpg\" alt=\"\" class=\"wp-image-14875\" style=\"aspect-ratio:3\/4;object-fit:cover;width:366px;height:auto\" srcset=\"https:\/\/www.gmsa.ch\/wp-content\/uploads\/2026\/03\/Zwicky-1.jpg 1484w, https:\/\/www.gmsa.ch\/wp-content\/uploads\/2026\/03\/Zwicky-1-229x300.jpg 229w, https:\/\/www.gmsa.ch\/wp-content\/uploads\/2026\/03\/Zwicky-1-780x1024.jpg 780w, https:\/\/www.gmsa.ch\/wp-content\/uploads\/2026\/03\/Zwicky-1-768x1008.jpg 768w, https:\/\/www.gmsa.ch\/wp-content\/uploads\/2026\/03\/Zwicky-1-1170x1536.jpg 1170w\" sizes=\"(max-width: 1484px) 100vw, 1484px\" \/><figcaption class=\"wp-element-caption\">E. Zwicky AG<\/figcaption><\/figure>\n\n\n\n<div class=\"acf-spacer h-[32px] tablet:h-[32px] desktop:h-[40px]\" id=acf-block-64f73707a923d ><\/div>\n\n        <\/div>\n    <\/div>\n<\/div>\n\n<\/div>\n\n\n\n\n\n    <\/div>\n<\/div>\n\n\n\n\n\n<div class=\"acf-spacer h-[32px] tablet:h-[40px] desktop:h-[48px]\" id=acf-block-69b9618747907 ><\/div>\n\n\n<div class=\"acf-container desktop:py-0 tablet:py-0 py-0 \"id=acf-block-6501c30338698>\n            <div class=\"acf-container__bg-overlay\" style=\"background: rgba(0, 0, 0, 0)\"><\/div>\n                <div class=\"container\">\n        \n\n<div class=\"acf-columns cols-gap-default reverse-none justify-between desktop:py-0 tablet:py-0 py-0\"id=acf-block-64f73707a9213>\n    \n\n<div class=\"acf-tp-column one-third \"id=acf-block-64f73707a922b>\n    <div class=\"acf-tp-column__box has-vertical-top py-0 px-0 tablet:py-0 tablet:px-0 desktop:px-0 desktop:py-0 \">\n                    <div class=\"acf-tp-column__bg-overlay\" style=\"background: rgba(0, 0, 0, 0)\"><\/div>\n                                <div class=\"acf-tp-column__box-content \">\n            \n\n<figure class=\"wp-block-image size-full\"><img decoding=\"async\" width=\"1820\" height=\"2560\" src=\"https:\/\/www.gmsa.ch\/wp-content\/uploads\/2026\/03\/GMSA_affiche-promo_Meule-de-Pierre_DE-scaled.jpg\" alt=\"\" class=\"wp-image-14889\" srcset=\"https:\/\/www.gmsa.ch\/wp-content\/uploads\/2026\/03\/GMSA_affiche-promo_Meule-de-Pierre_DE-scaled.jpg 1820w, https:\/\/www.gmsa.ch\/wp-content\/uploads\/2026\/03\/GMSA_affiche-promo_Meule-de-Pierre_DE-213x300.jpg 213w, https:\/\/www.gmsa.ch\/wp-content\/uploads\/2026\/03\/GMSA_affiche-promo_Meule-de-Pierre_DE-728x1024.jpg 728w, https:\/\/www.gmsa.ch\/wp-content\/uploads\/2026\/03\/GMSA_affiche-promo_Meule-de-Pierre_DE-768x1080.jpg 768w, https:\/\/www.gmsa.ch\/wp-content\/uploads\/2026\/03\/GMSA_affiche-promo_Meule-de-Pierre_DE-1092x1536.jpg 1092w, https:\/\/www.gmsa.ch\/wp-content\/uploads\/2026\/03\/GMSA_affiche-promo_Meule-de-Pierre_DE-1456x2048.jpg 1456w\" sizes=\"(max-width: 1820px) 100vw, 1820px\" \/><figcaption class=\"wp-element-caption\">Steinm\u00fchlebrote<\/figcaption><\/figure>\n\n\n\n<div class=\"acf-spacer h-[32px] tablet:h-[32px] desktop:h-[40px]\" id=acf-block-64f73707a923d ><\/div>\n\n        <\/div>\n    <\/div>\n<\/div>\n\n\n<div class=\"acf-tp-column two-third \"id=acf-block-64f73707a9255>\n    <div class=\"acf-tp-column__box has-vertical-top py-0 px-0 tablet:py-0 tablet:px-0 desktop:px-0 desktop:py-0 \">\n                    <div class=\"acf-tp-column__bg-overlay\" style=\"background: rgba(0, 0, 0, 0)\"><\/div>\n                                <div class=\"acf-tp-column__box-content \">\n            \n\n<h5 class=\"wp-block-heading is-style-font-mark has-terracotta-color has-text-color has-link-color has-18-font-size wp-elements-3\" id=\"h-steinmuhle-losung\" style=\"text-transform:uppercase\">Steinm\u00fchle-L\u00f6sung<\/h5>\n\n\n\n<div class=\"acf-spacer h-[8px] tablet:h-[8px] desktop:h-[8px]\" id=acf-block-64f899a480b8c ><\/div>\n\n\n<h3 class=\"wp-block-heading\" id=\"h-mehl-neu-gedacht\" style=\"text-transform:uppercase\">Mehl neu gedacht!<\/h3>\n\n\n\n<div class=\"acf-spacer h-[16px] tablet:h-[16px] desktop:h-[24px]\" id=acf-block-64f899a480b8c ><\/div>\n\n\n<p class=\"wp-block-paragraph\">Aus dieser \u00dcberzeugung heraus treiben wir die Weiterentwicklung der Moulin du Valais SA in Riddes konsequent<br>voran und pr\u00e4sentieren heute unsere Steinm\u00fchle-L\u00f6sung \u2013 eine Schweizer Mehlpalette, die gezielt auf die aktuellen Bed\u00fcrfnisse nach Geschmack, Qualit\u00e4t und Authentizit\u00e4t ausgerichtet ist.<\/p>\n\n\n\n<p class=\"wp-block-paragraph\"><strong>Drei Getreide, vier Mehle \u2013 Vielfalt im Brotcharakter<\/strong><\/p>\n\n\n\n<p class=\"wp-block-paragraph\">Unsere neuen Mehle zeichnen sich durch ausgepr\u00e4gte Aromaprofile aus. Ohne Verst\u00e4rker oder k\u00fcnstliche Zus\u00e4tze ben\u00f6tigen diese Mehle in der Verarbeitung mehrZeit, K\u00f6nnen und Engagement.&nbsp;Im Gegenzug wird man mit Broten von ausgepr\u00e4gter, zutiefst handwerklicher Aromatik belohnt \u2013 eine echte Chance f\u00fcr den Handwerksb\u00e4cker von heute.<\/p>\n\n\n        <\/div>\n    <\/div>\n<\/div>\n\n<\/div>\n\n\n\n\n\n    <\/div>\n<\/div>\n\n\n\n\n\n<div class=\"acf-spacer h-[32px] tablet:h-[40px] desktop:h-[48px]\" id=acf-block-69b96b6fa6642 ><\/div>\n\n\n<div class=\"acf-container desktop:py-0 tablet:py-0 py-0 \"id=acf-block-6501c30338698>\n            <div class=\"acf-container__bg-overlay\" style=\"background: rgba(0, 0, 0, 0)\"><\/div>\n                <div class=\"container\">\n        \n\n<div class=\"acf-columns cols-gap-default reverse-none justify-between desktop:py-0 tablet:py-0 py-0\"id=acf-block-64f73707a9213>\n    \n\n<div class=\"acf-tp-column two-third \"id=acf-block-64f73707a9255>\n    <div class=\"acf-tp-column__box has-vertical-top py-0 px-0 tablet:py-0 tablet:px-0 desktop:px-0 desktop:py-0 \">\n                    <div class=\"acf-tp-column__bg-overlay\" style=\"background: rgba(0, 0, 0, 0)\"><\/div>\n                                <div class=\"acf-tp-column__box-content \">\n            \n\n<h5 class=\"wp-block-heading is-style-font-mark has-terracotta-color has-text-color has-link-color has-18-font-size wp-elements-4\" id=\"h-steinmuhle-losung-0\" style=\"text-transform:uppercase\">Steinm\u00fchle-L\u00f6sung<\/h5>\n\n\n\n<div class=\"acf-spacer h-[8px] tablet:h-[8px] desktop:h-[8px]\" id=acf-block-64f899a480b8c ><\/div>\n\n\n<h3 class=\"wp-block-heading\" id=\"h-eine-ruckkehr-zu-den-wurzeln-des-walliser-roggenbrots-aop\" style=\"text-transform:uppercase\">EINE R\u00dcCKKEHR ZU DEN WURZELN<br>DES WALLISER ROGGENBROTS AOP<\/h3>\n\n\n\n<div class=\"acf-spacer h-[16px] tablet:h-[16px] desktop:h-[24px]\" id=acf-block-64f899a480b8c ><\/div>\n\n\n<p class=\"wp-block-paragraph\">Die Einf\u00fchrung von Steinm\u00fchlemehlen war eine logische und selbstverst\u00e4ndliche Entscheidung f\u00fcr die Boulangerie Salamin in Grimentz.<\/p>\n\n\n\n<p class=\"wp-block-paragraph\">Entdecken Sie das Gespr\u00e4ch mit Martine Aase-Salamin und Augustin Salamin, f\u00fcr die das Engagement f\u00fcr das Projekt Steinm\u00fchle zugleich Ausdruck einer nachhaltigen Vision ist \u2013 gepr\u00e4gt von Respekt gegen\u00fcber Produkt, Terroir und handwerklichem Know-How.<\/p>\n\n\n\n<p class=\"wp-block-paragraph\">F\u00fcr die beiden jungen Unternehmer an der Spitze der Familienb\u00e4ckerei ist es eine Entscheidung in Bezug auf konsequenten Handelns, sowie der Weitergabe und Wertsch\u00e4tzung ihres K\u00f6nnens \u2013 in perfekter Kontinuit\u00e4t mit der Geschichte und der Zukunft der Salamin-B\u00e4ckerei.<\/p>\n\n\n        <\/div>\n    <\/div>\n<\/div>\n\n\n<div class=\"acf-tp-column one-third \"id=acf-block-64f73707a922b>\n    <div class=\"acf-tp-column__box has-vertical-top py-0 px-0 tablet:py-0 tablet:px-0 desktop:px-0 desktop:py-0 \">\n                    <div class=\"acf-tp-column__bg-overlay\" style=\"background: rgba(0, 0, 0, 0)\"><\/div>\n                                <div class=\"acf-tp-column__box-content \">\n            \n\n<figure class=\"wp-block-image size-full\"><img decoding=\"async\" width=\"1144\" height=\"1620\" src=\"https:\/\/www.gmsa.ch\/wp-content\/uploads\/2026\/03\/Boulangerie-Salamin-Grimenz-1.jpg\" alt=\"\" class=\"wp-image-14869\" style=\"aspect-ratio:3\/4;object-fit:cover\" srcset=\"https:\/\/www.gmsa.ch\/wp-content\/uploads\/2026\/03\/Boulangerie-Salamin-Grimenz-1.jpg 1144w, https:\/\/www.gmsa.ch\/wp-content\/uploads\/2026\/03\/Boulangerie-Salamin-Grimenz-1-212x300.jpg 212w, https:\/\/www.gmsa.ch\/wp-content\/uploads\/2026\/03\/Boulangerie-Salamin-Grimenz-1-723x1024.jpg 723w, https:\/\/www.gmsa.ch\/wp-content\/uploads\/2026\/03\/Boulangerie-Salamin-Grimenz-1-768x1088.jpg 768w, https:\/\/www.gmsa.ch\/wp-content\/uploads\/2026\/03\/Boulangerie-Salamin-Grimenz-1-1085x1536.jpg 1085w\" sizes=\"(max-width: 1144px) 100vw, 1144px\" \/><figcaption class=\"wp-element-caption\">Martine Aase-Salamin und Augustin Salamin, Grimenz<\/figcaption><\/figure>\n\n\n\n<div class=\"acf-spacer h-[32px] tablet:h-[32px] desktop:h-[40px]\" id=acf-block-64f73707a923d ><\/div>\n\n        <\/div>\n    <\/div>\n<\/div>\n\n<\/div>\n\n\n\n\n\n    <\/div>\n<\/div>\n\n\n\n\n\n<div class=\"acf-container desktop:py-[40px] tablet:py-[32px] py-[24px] \"id=acf-block-6501c30338698>\n            <div class=\"acf-container__bg-overlay\" style=\"background: rgba(0, 0, 0, 0)\"><\/div>\n                <div class=\"container\">\n        \n\n<div class=\"acf-columns cols-gap-default reverse-desktop justify-between desktop:py-[40px] tablet:py-[32px] py-[24px]\"id=acf-block-64f73707a9213>\n    \n\n<div class=\"acf-tp-column two-third \"id=acf-block-64f73707a9255>\n    <div class=\"acf-tp-column__box has-vertical-top py-0 px-0 tablet:py-0 tablet:px-0 desktop:px-0 desktop:py-0 \">\n                    <div class=\"acf-tp-column__bg-overlay\" style=\"background: rgba(0, 0, 0, 0)\"><\/div>\n                                <div class=\"acf-tp-column__box-content \">\n            \n\n<h5 class=\"wp-block-heading is-style-font-mark has-terracotta-color has-text-color has-link-color has-18-font-size wp-elements-5\" id=\"h-gesicht-aus-der-region\" style=\"text-transform:uppercase\">Gesicht aus der Region<\/h5>\n\n\n\n<div class=\"acf-spacer h-[8px] tablet:h-[8px] desktop:h-[8px]\" id=acf-block-64f899a480b8c ><\/div>\n\n\n<h3 class=\"wp-block-heading\" id=\"h-marcel-ammon-ein-neues-gesicht-fur-die-region\" style=\"text-transform:uppercase\">MARCEL AMMON \u2013 EIN NEUES GESICHT F\u00dcR DIE REGION<\/h3>\n\n\n\n<div class=\"acf-spacer h-[16px] tablet:h-[16px] desktop:h-[24px]\" id=acf-block-64f899a480b8c ><\/div>\n\n\n<p class=\"wp-block-paragraph\">Seit dem 1. Februar 2026 ist Marcel Ammon bei der GMSA als Leiter der Versuchsb\u00e4ckerei und Kundenberater f\u00fcr die Region Zentralschweiz t\u00e4tig.<\/p>\n\n\n\n<p class=\"wp-block-paragraph\">Angetrieben von einer tiefen Leidenschaft f\u00fcr das B\u00e4ckerhandwerk, mit einem ausgepr\u00e4gten Gesp\u00fcr f\u00fcr die individuellen Bed\u00fcrfnisse der Kunden und einer klaren L\u00f6sungsorientierung begleitet er heute Handwerksb\u00e4ckereien bei der Entwicklung und erfolgreichen Umsetzung moderner Konzepte und L\u00f6sungen.<\/p>\n\n\n\n<p class=\"wp-block-paragraph\">Wir freuen uns sehr, ihn in unserem Team der technisch-kaufm\u00e4nnischen Berater begr\u00fcssen zu d\u00fcrfen, welches er mit seinen vielseitigen F\u00e4higkeiten gezielt verst\u00e4rkt.<\/p>\n\n\n        <\/div>\n    <\/div>\n<\/div>\n\n\n<div class=\"acf-tp-column one-third \"id=acf-block-64f73707a922b>\n    <div class=\"acf-tp-column__box has-vertical-top py-0 px-0 tablet:py-0 tablet:px-0 desktop:px-0 desktop:py-0 \">\n                    <div class=\"acf-tp-column__bg-overlay\" style=\"background: rgba(0, 0, 0, 0)\"><\/div>\n                                <div class=\"acf-tp-column__box-content \">\n            \n\n<figure class=\"wp-block-image size-full is-resized\"><img decoding=\"async\" width=\"744\" height=\"1126\" src=\"https:\/\/www.gmsa.ch\/wp-content\/uploads\/2026\/03\/Marcel-Ammon.jpg\" alt=\"\" class=\"wp-image-14881\" style=\"aspect-ratio:3\/4;object-fit:cover;width:366px;height:auto\" srcset=\"https:\/\/www.gmsa.ch\/wp-content\/uploads\/2026\/03\/Marcel-Ammon.jpg 744w, https:\/\/www.gmsa.ch\/wp-content\/uploads\/2026\/03\/Marcel-Ammon-198x300.jpg 198w, https:\/\/www.gmsa.ch\/wp-content\/uploads\/2026\/03\/Marcel-Ammon-677x1024.jpg 677w\" sizes=\"(max-width: 744px) 100vw, 744px\" \/><figcaption class=\"wp-element-caption\">Marcel Ammon<\/figcaption><\/figure>\n\n\n\n<div class=\"acf-spacer h-[8px] tablet:h-[16px] desktop:h-[24px]\" id=acf-block-64f73707a923d ><\/div>\n\n        <\/div>\n    <\/div>\n<\/div>\n\n<\/div>\n\n\n\n\n\n\n<div class=\"acf-columns cols-gap-default reverse-desktop justify-between desktop:py-[40px] tablet:py-[32px] py-[24px]\"id=acf-block-64f73707a9213>\n    \n\n<div class=\"acf-tp-column one-third \"id=acf-block-64f73707a922b>\n    <div class=\"acf-tp-column__box has-vertical-top py-0 px-0 tablet:py-0 tablet:px-0 desktop:px-0 desktop:py-0 \">\n                    <div class=\"acf-tp-column__bg-overlay\" style=\"background: rgba(0, 0, 0, 0)\"><\/div>\n                                <div class=\"acf-tp-column__box-content \">\n            \n\n<figure class=\"wp-block-image size-full is-resized\"><img decoding=\"async\" width=\"207\" height=\"262\" src=\"https:\/\/www.gmsa.ch\/wp-content\/uploads\/2026\/03\/DSC1793-e1773755398110.jpg\" alt=\"\" class=\"wp-image-14726\" style=\"aspect-ratio:3\/4;object-fit:cover;width:366px;height:auto\"\/><figcaption class=\"wp-element-caption\">Traditionelle Bonvita-Paniermehle<\/figcaption><\/figure>\n\n\n\n<div class=\"acf-spacer h-[32px] tablet:h-[32px] desktop:h-[40px]\" id=acf-block-64f73707a923d ><\/div>\n\n        <\/div>\n    <\/div>\n<\/div>\n\n\n<div class=\"acf-tp-column two-third \"id=acf-block-64f73707a9255>\n    <div class=\"acf-tp-column__box has-vertical-top py-0 px-0 tablet:py-0 tablet:px-0 desktop:px-0 desktop:py-0 \">\n                    <div class=\"acf-tp-column__bg-overlay\" style=\"background: rgba(0, 0, 0, 0)\"><\/div>\n                                <div class=\"acf-tp-column__box-content \">\n            \n\n<p class=\"is-style-font-mark has-terracotta-color has-text-color has-link-color has-18-font-size wp-elements-6 wp-block-paragraph\" style=\"text-transform:uppercase\"><strong>Paniermehl-L\u00f6sung aus der Schweiz<\/strong><\/p>\n\n\n\n<div class=\"acf-spacer h-[8px] tablet:h-[8px] desktop:h-[8px]\" id=acf-block-64f899a480b8c ><\/div>\n\n\n<h3 class=\"wp-block-heading\" id=\"h-ein-produkt-mit-charakter\" style=\"text-transform:uppercase\">EIN PRODUKT MIT CHARAKTER<\/h3>\n\n\n\n<div class=\"acf-spacer h-[16px] tablet:h-[16px] desktop:h-[24px]\" id=acf-block-64f899a480b8c ><\/div>\n\n\n<p class=\"wp-block-paragraph\">Wir produzieren klassische Paniermehle aus frisch gebackenem Brot, das an unserem Standort Bonvita AG in Stein am Rhein produziert wird. Dieses Verfahren verleiht den Produkten eine authentische Textur, ein nat\u00fcrliches Aromaprofil und eine hervorragende Verarbeitungsstabilit\u00e4t.<\/p>\n\n\n\n<p class=\"wp-block-paragraph\">Unsere Paniermehle sind darauf ausgelegt, sowohl in handwerklichen als auch in industriellen Prozessen die<br>hohen Anforderungen zu erf\u00fcllen. Die Kombination aus Schweizer Rohstoffen, moderner Technologie und langj\u00e4hrigem Know\u2011how erm\u00f6glicht ein vielseitiges Produktportfolio, das zuverl\u00e4ssig, funktional und qualitativ<br>f\u00fchrend ist.<\/p>\n\n\n\n<p class=\"wp-block-paragraph\">Wir haben die passende L\u00f6sung f\u00fcr Ihren Bedarf.<\/p>\n\n\n        <\/div>\n    <\/div>\n<\/div>\n\n<\/div>\n\n\n\n\n\n\n<div class=\"acf-columns cols-gap-default reverse-none justify-between desktop:py-[40px] tablet:py-[32px] py-[24px]\"id=acf-block-64f73707a9213>\n    \n\n<div class=\"acf-tp-column one-third \"id=acf-block-64f73707a922b>\n    <div class=\"acf-tp-column__box has-vertical-top py-0 px-0 tablet:py-0 tablet:px-0 desktop:px-0 desktop:py-0 \">\n                    <div class=\"acf-tp-column__bg-overlay\" style=\"background: rgba(0, 0, 0, 0)\"><\/div>\n                                <div class=\"acf-tp-column__box-content \">\n            \n\n<figure class=\"wp-block-image size-full is-resized\"><img decoding=\"async\" width=\"1920\" height=\"2560\" src=\"https:\/\/www.gmsa.ch\/wp-content\/uploads\/2026\/03\/Photos-produits-avec-logo-Proteines-copie-edited-scaled.jpg\" alt=\"\" class=\"wp-image-14728\" style=\"aspect-ratio:3\/4;object-fit:cover;width:366px;height:auto\" srcset=\"https:\/\/www.gmsa.ch\/wp-content\/uploads\/2026\/03\/Photos-produits-avec-logo-Proteines-copie-edited-scaled.jpg 1920w, https:\/\/www.gmsa.ch\/wp-content\/uploads\/2026\/03\/Photos-produits-avec-logo-Proteines-copie-edited-225x300.jpg 225w, https:\/\/www.gmsa.ch\/wp-content\/uploads\/2026\/03\/Photos-produits-avec-logo-Proteines-copie-edited-768x1024.jpg 768w, https:\/\/www.gmsa.ch\/wp-content\/uploads\/2026\/03\/Photos-produits-avec-logo-Proteines-copie-edited-1152x1536.jpg 1152w, https:\/\/www.gmsa.ch\/wp-content\/uploads\/2026\/03\/Photos-produits-avec-logo-Proteines-copie-edited-1536x2048.jpg 1536w\" sizes=\"(max-width: 1920px) 100vw, 1920px\" \/><figcaption class=\"wp-element-caption\"><a href=\"Protaneo: pflanzliches Hack und\nGeschnetzeltes\">Protaneo: pflanzliches Hack und Geschnetzeltes<\/a><\/figcaption><\/figure>\n\n\n\n<div class=\"acf-spacer h-[32px] tablet:h-[32px] desktop:h-[40px]\" id=acf-block-64f73707a923d ><\/div>\n\n        <\/div>\n    <\/div>\n<\/div>\n\n\n<div class=\"acf-tp-column two-third \"id=acf-block-64f73707a9255>\n    <div class=\"acf-tp-column__box has-vertical-top py-0 px-0 tablet:py-0 tablet:px-0 desktop:px-0 desktop:py-0 \">\n                    <div class=\"acf-tp-column__bg-overlay\" style=\"background: rgba(0, 0, 0, 0)\"><\/div>\n                                <div class=\"acf-tp-column__box-content \">\n            \n\n<h5 class=\"wp-block-heading is-style-font-mark has-terracotta-color has-text-color has-link-color has-18-font-size wp-elements-7\" id=\"h-protaneo\" style=\"text-transform:uppercase\">protaneo<\/h5>\n\n\n\n<div class=\"acf-spacer h-[8px] tablet:h-[8px] desktop:h-[8px]\" id=acf-block-64f899a480b8c ><\/div>\n\n\n<h3 class=\"wp-block-heading\" id=\"h-wenn-innovation-in-der-kuche-zur-selbstverstandlichkeit-wird\" style=\"text-transform:uppercase\">WENN INNOVATION IN DER K\u00dcCHE ZUR SELBSTVERST\u00c4NDLICHKEIT WIRD<\/h3>\n\n\n\n<div class=\"acf-spacer h-[16px] tablet:h-[16px] desktop:h-[24px]\" id=acf-block-64f899a480b8c ><\/div>\n\n\n<p class=\"wp-block-paragraph\">Als Gewinner des 1. Innovationspreises Broyard 2025 ist Protaneo das 100 % pflanzliche Schweizer Protein, welches Innovation, ern\u00e4hrungsphysiologische Qualit\u00e4t und Nachhaltigkeit vereint. Es bietet Profis eine einfache, flexible und kreative L\u00f6sung f\u00fcr eine gesunde, schmackhafte und leistungsf\u00e4hige pflanzliche K\u00fcche.<\/p>\n\n\n\n<p class=\"wp-block-paragraph\">Protaneo eignet sich ideal f\u00fcr Gemeinschaftsverpflegung, Schulkantinen, medizinische Einrichtungen, ebenso wie f\u00fcr die kommerzielle Gastronomie und Endverbraucher.Protaneo ist eine praxisorentiert leistungsstarke Schweizer Antwort auf die Ern\u00e4hrungsherausforderungen von heute und morgen.<\/p>\n\n\n        <\/div>\n    <\/div>\n<\/div>\n\n<\/div>\n\n\n\n\n\n\n<div class=\"acf-columns cols-gap-default reverse-none justify-between desktop:py-[40px] tablet:py-[32px] py-[24px]\"id=acf-block-64f73707a9213>\n    \n\n<div class=\"acf-tp-column two-third \"id=acf-block-64f73707a9255>\n    <div class=\"acf-tp-column__box has-vertical-top py-0 px-0 tablet:py-0 tablet:px-0 desktop:px-0 desktop:py-0 \">\n                    <div class=\"acf-tp-column__bg-overlay\" style=\"background: rgba(0, 0, 0, 0)\"><\/div>\n                                <div class=\"acf-tp-column__box-content \">\n            \n\n<h5 class=\"wp-block-heading is-style-font-mark has-terracotta-color has-text-color has-link-color has-18-font-size wp-elements-8\" id=\"h-nachfolger-losung\" style=\"text-transform:uppercase\">Nachfolger-L\u00f6sung<\/h5>\n\n\n\n<div class=\"acf-spacer h-[8px] tablet:h-[8px] desktop:h-[8px]\" id=acf-block-64f899a480b8c ><\/div>\n\n\n<h3 class=\"wp-block-heading\" id=\"h-eine-backerei-weiterzugeben-bedeutet-weit-mehr-als-ein-geschaft-zu-verkaufen\" style=\"text-transform:uppercase\">EINE B\u00c4CKEREI WEITERZUGEBEN BEDEUTET, WEIT MEHR ALS EIN GESCH\u00c4FT ZU VERKAUFEN<\/h3>\n\n\n\n<div class=\"acf-spacer h-[16px] tablet:h-[16px] desktop:h-[24px]\" id=acf-block-64f899a480b8c ><\/div>\n\n\n<p class=\"wp-block-paragraph\">In der Schweiz erreichen heute viele B\u00e4ckerunternehmer einen entscheidenden Wendepunkt in ihrem Leben: Hinter ihnen liegen Jahrzehnte harter Arbeit, ein etabliertes Unternehmen und ein eingespieltes Team.<\/p>\n\n\n\n<p class=\"wp-block-paragraph\">Die zentrale Frage lautet daher nicht, ob eine \u00dcbergabe erfolgt, sondern wie \u2013 klug, menschlich und nachhaltig.<\/p>\n\n\n\n<p class=\"wp-block-paragraph\">Ein solches unternehmerisches Projekt bringt jedoch mehrere Herausforderungen mit sich.<\/p>\n\n\n\n<p class=\"wp-block-paragraph\">GMSA begleitet Sie in diesem Prozess.<\/p>\n\n\n        <\/div>\n    <\/div>\n<\/div>\n\n\n<div class=\"acf-tp-column one-third \"id=acf-block-64f73707a922b>\n    <div class=\"acf-tp-column__box has-vertical-top py-0 px-0 tablet:py-0 tablet:px-0 desktop:px-0 desktop:py-0 \">\n                    <div class=\"acf-tp-column__bg-overlay\" style=\"background: rgba(0, 0, 0, 0)\"><\/div>\n                                <div class=\"acf-tp-column__box-content \">\n            \n\n<figure class=\"wp-block-image size-large\"><img decoding=\"async\" width=\"727\" height=\"1024\" src=\"https:\/\/www.gmsa.ch\/wp-content\/uploads\/2026\/03\/Boulangerie-Maeder-727x1024.jpg\" alt=\"\" class=\"wp-image-14867\" style=\"aspect-ratio:3\/4;object-fit:cover\" srcset=\"https:\/\/www.gmsa.ch\/wp-content\/uploads\/2026\/03\/Boulangerie-Maeder-727x1024.jpg 727w, https:\/\/www.gmsa.ch\/wp-content\/uploads\/2026\/03\/Boulangerie-Maeder-213x300.jpg 213w, https:\/\/www.gmsa.ch\/wp-content\/uploads\/2026\/03\/Boulangerie-Maeder-768x1081.jpg 768w, https:\/\/www.gmsa.ch\/wp-content\/uploads\/2026\/03\/Boulangerie-Maeder-1091x1536.jpg 1091w, https:\/\/www.gmsa.ch\/wp-content\/uploads\/2026\/03\/Boulangerie-Maeder-1455x2048.jpg 1455w, https:\/\/www.gmsa.ch\/wp-content\/uploads\/2026\/03\/Boulangerie-Maeder.jpg 1768w\" sizes=\"(max-width: 727px) 100vw, 727px\" \/><figcaption class=\"wp-element-caption\">Boulangerie M\u00e4der in Neuch\u00e2tel<br>Christian M\u00e4der links mit dem \u00fcbernehmenden Ehepaar. Foto: Muriel Antille<\/figcaption><\/figure>\n\n\n\n<div class=\"acf-spacer h-[32px] tablet:h-[32px] desktop:h-[40px]\" id=acf-block-64f73707a923d ><\/div>\n\n        <\/div>\n    <\/div>\n<\/div>\n\n<\/div>\n\n\n\n\n\n\n<div class=\"acf-columns cols-gap-default reverse-desktop justify-between desktop:py-[40px] tablet:py-[32px] py-[24px]\"id=acf-block-64f73707a9213>\n    \n\n<div class=\"acf-tp-column two-third \"id=acf-block-64f73707a9255>\n    <div class=\"acf-tp-column__box has-vertical-top py-0 px-0 tablet:py-0 tablet:px-0 desktop:px-0 desktop:py-0 \">\n                    <div class=\"acf-tp-column__bg-overlay\" style=\"background: rgba(0, 0, 0, 0)\"><\/div>\n                                <div class=\"acf-tp-column__box-content \">\n            \n\n<h5 class=\"wp-block-heading is-style-font-mark has-terracotta-color has-text-color has-link-color has-18-font-size wp-elements-9\" id=\"h-sauerteig-losung\" style=\"text-transform:uppercase\">SAUERTEIG-L\u00d6SUNG<\/h5>\n\n\n\n<div class=\"acf-spacer h-[8px] tablet:h-[8px] desktop:h-[8px]\" id=acf-block-64f899a480b8c ><\/div>\n\n\n<h3 class=\"wp-block-heading\" id=\"h-sauerteig-als-nachhaltiger-wettbewerbsvorteil\" style=\"text-transform:uppercase\">SAUERTEIG ALS NACHHALTIGER WETTBEWERBSVORTEIL<\/h3>\n\n\n\n<div class=\"acf-spacer h-[16px] tablet:h-[16px] desktop:h-[24px]\" id=acf-block-64f899a480b8c ><\/div>\n\n\n<p class=\"wp-block-paragraph\">Die GMSA-Sauerteigl\u00f6sung hat ihre Effizienz in der Praxis unter Beweis gestellt und ist heute ein konkreter Leistungshebel.<\/p>\n\n\n\n<p class=\"wp-block-paragraph\">Entdecken Sie die Erfahrungen von Christophe Ackermann mit der GMSA-Sauerteigl\u00f6sung.<\/p>\n\n\n\n<p class=\"wp-block-paragraph\">Schon seit l\u00e4ngerem spielte Sauerteig in seinen \u00dcberlegungen eine Rolle. Die GMSA-Sauerteigl\u00f6sung erm\u00f6glichte es ihm, innerhalb weniger Wochen den Anteil relevanter Backwaren in seiner Produktion von 40 % auf 80 % auf Sauerteigbasis zu erh\u00f6hen. Nun strebt er 100 % an \u2013 mit der schrittweisen Integration der Kleingeb\u00e4cke.<\/p>\n\n\n        <\/div>\n    <\/div>\n<\/div>\n\n\n<div class=\"acf-tp-column one-third \"id=acf-block-64f73707a922b>\n    <div class=\"acf-tp-column__box has-vertical-top py-0 px-0 tablet:py-0 tablet:px-0 desktop:px-0 desktop:py-0 \">\n                    <div class=\"acf-tp-column__bg-overlay\" style=\"background: rgba(0, 0, 0, 0)\"><\/div>\n                                <div class=\"acf-tp-column__box-content \">\n            \n\n<figure class=\"wp-block-image size-full is-resized\"><img decoding=\"async\" width=\"1572\" height=\"2288\" src=\"https:\/\/www.gmsa.ch\/wp-content\/uploads\/2026\/03\/Christophe-Ackermann-1.jpg\" alt=\"\" class=\"wp-image-14871\" style=\"aspect-ratio:3\/4;object-fit:cover;width:366px;height:auto\" srcset=\"https:\/\/www.gmsa.ch\/wp-content\/uploads\/2026\/03\/Christophe-Ackermann-1.jpg 1572w, https:\/\/www.gmsa.ch\/wp-content\/uploads\/2026\/03\/Christophe-Ackermann-1-206x300.jpg 206w, https:\/\/www.gmsa.ch\/wp-content\/uploads\/2026\/03\/Christophe-Ackermann-1-704x1024.jpg 704w, https:\/\/www.gmsa.ch\/wp-content\/uploads\/2026\/03\/Christophe-Ackermann-1-768x1118.jpg 768w, https:\/\/www.gmsa.ch\/wp-content\/uploads\/2026\/03\/Christophe-Ackermann-1-1055x1536.jpg 1055w, https:\/\/www.gmsa.ch\/wp-content\/uploads\/2026\/03\/Christophe-Ackermann-1-1407x2048.jpg 1407w\" sizes=\"(max-width: 1572px) 100vw, 1572px\" \/><figcaption class=\"wp-element-caption\">Christophe Ackermann<\/figcaption><\/figure>\n\n\n\n<div class=\"acf-spacer h-[32px] tablet:h-[32px] desktop:h-[40px]\" id=acf-block-64f73707a923d ><\/div>\n\n        <\/div>\n    <\/div>\n<\/div>\n\n<\/div>\n\n\n\n\n\n    <\/div>\n<\/div>\n\n\n\n\n\n<div class=\"acf-spacer h-[8px] tablet:h-[16px] desktop:h-[24px]\" id=acf-block-66f18d2967a5d ><\/div>\n\n\n<div class=\"acf-container desktop:py-[80px] tablet:py-[64px] py-[48px] \"id=acf-block-656f549df169c>\n            <div class=\"acf-container__bg-overlay\" style=\"background: rgba(231, 231, 231, 1)\"><\/div>\n                <div class=\"container\">\n        \n\n<div class=\"acf-columns cols-gap-default reverse-none justify-start desktop:py-0 tablet:py-0 py-0\"id=acf-block-656e44fd7bcec>\n    \n\n<div class=\"acf-tp-column half \"id=acf-block-64f73707a9255>\n    <div class=\"acf-tp-column__box has-vertical-top py-0 px-0 tablet:py-0 tablet:px-0 desktop:px-0 desktop:py-0 \">\n                    <div class=\"acf-tp-column__bg-overlay\" style=\"background: rgba(0, 0, 0, 0)\"><\/div>\n                                <div class=\"acf-tp-column__box-content \">\n            \n\n<h3 class=\"wp-block-heading\" id=\"h-zweimal-jahrlich-veroffentlicht-die-groupe-minoteries-sa-ihr-magazin-gmsa-info-das-uber-die-aktuellen-entwicklungen-und-neuerungen-des-unternehmens-informiert\" style=\"text-transform:uppercase\">Zweimal j\u00e4hrlich ver\u00f6ffentlicht die Groupe Minoteries SA ihr Magazin GMSA Info, das \u00fcber die aktuellen Entwicklungen und Neuerungen des Unternehmens informiert.<\/h3>\n\n\n\n<div class=\"acf-spacer h-[16px] tablet:h-[16px] desktop:h-[24px]\" id=acf-block-64f899a480b8c ><\/div>\n\n\n<p class=\"has-black-color has-text-color has-link-color wp-elements-10 wp-block-paragraph\">Finden Sie alle Portr\u00e4ts, Artikel und neuesten Informationen in derAprilausgabe.<\/p>\n\n\n\n<div class=\"acf-spacer h-[16px] tablet:h-[16px] desktop:h-[24px]\" id=acf-block-64f899a480b8c ><\/div>\n\n\n    <div class=\"acf-buttons start flex-col\"id=acf-block-656e44fd7bdbd>\n\n        \n                            <a href=\"https:\/\/www.gmsa.ch\/wp-content\/uploads\/2026\/03\/GMSA-Info_Avril-2026_web-DE-20260312-01.pdf\" target=\"_blank\"\n                   class=\"acf-button__link\">Laden Sie das Magazin herunter<\/a>\n            \n            \n            <\/div>\n\n\n        <\/div>\n    <\/div>\n<\/div>\n\n\n<div class=\"acf-tp-column one-third \"id=acf-block-64f899a481103>\n    <div class=\"acf-tp-column__box has-vertical-top py-0 px-0 tablet:py-0 tablet:px-0 desktop:px-0 desktop:py-0 \">\n                    <div class=\"acf-tp-column__bg-overlay\" style=\"background: rgba(0, 0, 0, 0)\"><\/div>\n                                <div class=\"acf-tp-column__box-content \">\n            \n\n<figure class=\"wp-block-image size-full\"><img decoding=\"async\" width=\"1600\" height=\"2048\" src=\"https:\/\/www.gmsa.ch\/wp-content\/uploads\/2026\/03\/GMSA-info_cover-mockup-DE_20260323-01.png\" alt=\"\" class=\"wp-image-14939\" srcset=\"https:\/\/www.gmsa.ch\/wp-content\/uploads\/2026\/03\/GMSA-info_cover-mockup-DE_20260323-01.png 1600w, https:\/\/www.gmsa.ch\/wp-content\/uploads\/2026\/03\/GMSA-info_cover-mockup-DE_20260323-01-234x300.png 234w, https:\/\/www.gmsa.ch\/wp-content\/uploads\/2026\/03\/GMSA-info_cover-mockup-DE_20260323-01-800x1024.png 800w, https:\/\/www.gmsa.ch\/wp-content\/uploads\/2026\/03\/GMSA-info_cover-mockup-DE_20260323-01-768x983.png 768w, https:\/\/www.gmsa.ch\/wp-content\/uploads\/2026\/03\/GMSA-info_cover-mockup-DE_20260323-01-1200x1536.png 1200w\" sizes=\"(max-width: 1600px) 100vw, 1600px\" \/><\/figure>\n\n\n\n<div class=\"acf-spacer h-[32px] tablet:h-[32px] desktop:h-[32px]\" id=acf-block-656f549df1768 ><\/div>\n\n        <\/div>\n    <\/div>\n<\/div>\n\n<\/div>\n\n\n\n\n\n    <\/div>\n<\/div>\n\n\n\n\n\n<p class=\"wp-block-paragraph\"><\/p>\n","protected":false},"excerpt":{"rendered":"<p>GMSA erweitert ihr Angebot mit der Einf\u00fchrung einer Linie authentischer, auf traditionellen M\u00fchlsteinen gemahlener Mehle in der Moulin du Valais SA in Riddes. Entdecken Sie, wie traditionelle M\u00fcllerhandwerk und technische Innovation handwerkliches K\u00f6nnen veredeln und einzigartige Brote mit Charakter hervorbringen.<\/p>\n","protected":false},"author":7,"featured_media":14960,"comment_status":"closed","ping_status":"closed","sticky":false,"template":"","format":"standard","meta":{"_acf_changed":false,"_searchwp_excluded":"","footnotes":""},"categories":[21,79,78,80,81,82],"tags":[],"class_list":["post-15136","post","type-post","status-publish","format-standard","has-post-thumbnail","hentry","category-home-de","category-innovation-entwicklung","category-kategorien","category-partnerschaften-zusammenarbeit","category-standorte-infrastrukturen","category-unternehmensaktivitaeten"],"acf":[],"yoast_head":"<title>Zukunft durch Tradition mit der Steinm\u00fchle-L\u00f6sung - GMSA<\/title>\n<meta name=\"robots\" content=\"index, follow, max-snippet:-1, max-image-preview:large, max-video-preview:-1\" \/>\n<link rel=\"canonical\" href=\"https:\/\/www.gmsa.ch\/de\/zukunft-durch-tradition-mit-der-steinmuehle-loesung\/\" \/>\n<meta property=\"og:locale\" content=\"de_DE\" \/>\n<meta property=\"og:type\" content=\"article\" \/>\n<meta property=\"og:title\" content=\"Zukunft durch Tradition mit der Steinm\u00fchle-L\u00f6sung\" \/>\n<meta property=\"og:description\" content=\"GMSA erweitert ihr Angebot mit der Einf\u00fchrung einer Linie authentischer, auf traditionellen M\u00fchlsteinen gemahlener Mehle in der Moulin du Valais SA in Riddes. Entdecken Sie, wie traditionelle M\u00fcllerhandwerk und technische Innovation handwerkliches K\u00f6nnen veredeln und einzigartige Brote mit Charakter hervorbringen.\" \/>\n<meta property=\"og:url\" content=\"https:\/\/www.gmsa.ch\/de\/zukunft-durch-tradition-mit-der-steinmuehle-loesung\/\" \/>\n<meta property=\"og:site_name\" content=\"GMSA\" \/>\n<meta property=\"article:published_time\" content=\"2026-03-25T12:34:24+00:00\" \/>\n<meta property=\"article:modified_time\" content=\"2026-05-07T11:58:16+00:00\" \/>\n<meta property=\"og:image\" content=\"https:\/\/www.gmsa.ch\/wp-content\/uploads\/2026\/03\/Image3-scaled.jpg\" \/>\n\t<meta property=\"og:image:width\" content=\"2560\" \/>\n\t<meta property=\"og:image:height\" content=\"1228\" \/>\n\t<meta property=\"og:image:type\" content=\"image\/jpeg\" \/>\n<meta name=\"author\" content=\"Marielle Pillonel\" \/>\n<meta name=\"twitter:card\" content=\"summary_large_image\" \/>\n<meta name=\"twitter:label1\" content=\"Verfasst von\" \/>\n\t<meta name=\"twitter:data1\" content=\"Marielle Pillonel\" \/>\n\t<meta name=\"twitter:label2\" content=\"Gesch\u00e4tzte Lesezeit\" \/>\n\t<meta name=\"twitter:data2\" content=\"7\u00a0Minuten\" \/>\n<script type=\"application\/ld+json\" class=\"yoast-schema-graph\">{\"@context\":\"https:\\\/\\\/schema.org\",\"@graph\":[{\"@type\":\"Article\",\"@id\":\"https:\\\/\\\/www.gmsa.ch\\\/de\\\/zukunft-durch-tradition-mit-der-steinmuehle-loesung\\\/#article\",\"isPartOf\":{\"@id\":\"https:\\\/\\\/www.gmsa.ch\\\/de\\\/zukunft-durch-tradition-mit-der-steinmuehle-loesung\\\/\"},\"author\":{\"name\":\"Marielle Pillonel\",\"@id\":\"https:\\\/\\\/www.gmsa.ch\\\/de\\\/#\\\/schema\\\/person\\\/916284c83c6540352940910406e5483c\"},\"headline\":\"Zukunft durch Tradition mit der Steinm\u00fchle-L\u00f6sung\",\"datePublished\":\"2026-03-25T12:34:24+00:00\",\"dateModified\":\"2026-05-07T11:58:16+00:00\",\"mainEntityOfPage\":{\"@id\":\"https:\\\/\\\/www.gmsa.ch\\\/de\\\/zukunft-durch-tradition-mit-der-steinmuehle-loesung\\\/\"},\"wordCount\":886,\"publisher\":{\"@id\":\"https:\\\/\\\/www.gmsa.ch\\\/de\\\/#organization\"},\"image\":{\"@id\":\"https:\\\/\\\/www.gmsa.ch\\\/de\\\/zukunft-durch-tradition-mit-der-steinmuehle-loesung\\\/#primaryimage\"},\"thumbnailUrl\":\"https:\\\/\\\/www.gmsa.ch\\\/wp-content\\\/uploads\\\/2026\\\/03\\\/Image3-scaled.jpg\",\"articleSection\":[\"Home\",\"Innovation &amp; Entwicklung\",\"Kategorien\",\"Partnerschaften &amp; Zusammenarbeit\",\"Standorte &amp; Infrastrukturen\",\"Unternehmensaktivit\u00e4ten\"],\"inLanguage\":\"de\"},{\"@type\":\"WebPage\",\"@id\":\"https:\\\/\\\/www.gmsa.ch\\\/de\\\/zukunft-durch-tradition-mit-der-steinmuehle-loesung\\\/\",\"url\":\"https:\\\/\\\/www.gmsa.ch\\\/de\\\/zukunft-durch-tradition-mit-der-steinmuehle-loesung\\\/\",\"name\":\"Zukunft durch Tradition mit der Steinm\u00fchle-L\u00f6sung - GMSA\",\"isPartOf\":{\"@id\":\"https:\\\/\\\/www.gmsa.ch\\\/de\\\/#website\"},\"primaryImageOfPage\":{\"@id\":\"https:\\\/\\\/www.gmsa.ch\\\/de\\\/zukunft-durch-tradition-mit-der-steinmuehle-loesung\\\/#primaryimage\"},\"image\":{\"@id\":\"https:\\\/\\\/www.gmsa.ch\\\/de\\\/zukunft-durch-tradition-mit-der-steinmuehle-loesung\\\/#primaryimage\"},\"thumbnailUrl\":\"https:\\\/\\\/www.gmsa.ch\\\/wp-content\\\/uploads\\\/2026\\\/03\\\/Image3-scaled.jpg\",\"datePublished\":\"2026-03-25T12:34:24+00:00\",\"dateModified\":\"2026-05-07T11:58:16+00:00\",\"breadcrumb\":{\"@id\":\"https:\\\/\\\/www.gmsa.ch\\\/de\\\/zukunft-durch-tradition-mit-der-steinmuehle-loesung\\\/#breadcrumb\"},\"inLanguage\":\"de\",\"potentialAction\":[{\"@type\":\"ReadAction\",\"target\":[\"https:\\\/\\\/www.gmsa.ch\\\/de\\\/zukunft-durch-tradition-mit-der-steinmuehle-loesung\\\/\"]}]},{\"@type\":\"ImageObject\",\"inLanguage\":\"de\",\"@id\":\"https:\\\/\\\/www.gmsa.ch\\\/de\\\/zukunft-durch-tradition-mit-der-steinmuehle-loesung\\\/#primaryimage\",\"url\":\"https:\\\/\\\/www.gmsa.ch\\\/wp-content\\\/uploads\\\/2026\\\/03\\\/Image3-scaled.jpg\",\"contentUrl\":\"https:\\\/\\\/www.gmsa.ch\\\/wp-content\\\/uploads\\\/2026\\\/03\\\/Image3-scaled.jpg\",\"width\":2560,\"height\":1228},{\"@type\":\"BreadcrumbList\",\"@id\":\"https:\\\/\\\/www.gmsa.ch\\\/de\\\/zukunft-durch-tradition-mit-der-steinmuehle-loesung\\\/#breadcrumb\",\"itemListElement\":[{\"@type\":\"ListItem\",\"position\":1,\"name\":\"Home\",\"item\":\"https:\\\/\\\/www.gmsa.ch\\\/de\\\/\"},{\"@type\":\"ListItem\",\"position\":2,\"name\":\"Zukunft durch Tradition mit der Steinm\u00fchle-L\u00f6sung\"}]},{\"@type\":\"WebSite\",\"@id\":\"https:\\\/\\\/www.gmsa.ch\\\/de\\\/#website\",\"url\":\"https:\\\/\\\/www.gmsa.ch\\\/de\\\/\",\"name\":\"GMSA\",\"description\":\"\",\"publisher\":{\"@id\":\"https:\\\/\\\/www.gmsa.ch\\\/de\\\/#organization\"},\"potentialAction\":[{\"@type\":\"SearchAction\",\"target\":{\"@type\":\"EntryPoint\",\"urlTemplate\":\"https:\\\/\\\/www.gmsa.ch\\\/de\\\/?s={search_term_string}\"},\"query-input\":{\"@type\":\"PropertyValueSpecification\",\"valueRequired\":true,\"valueName\":\"search_term_string\"}}],\"inLanguage\":\"de\"},{\"@type\":\"Organization\",\"@id\":\"https:\\\/\\\/www.gmsa.ch\\\/de\\\/#organization\",\"name\":\"GMSA\",\"url\":\"https:\\\/\\\/www.gmsa.ch\\\/de\\\/\",\"logo\":{\"@type\":\"ImageObject\",\"inLanguage\":\"de\",\"@id\":\"https:\\\/\\\/www.gmsa.ch\\\/de\\\/#\\\/schema\\\/logo\\\/image\\\/\",\"url\":\"https:\\\/\\\/www.gmsa.ch\\\/wp-content\\\/uploads\\\/2023\\\/08\\\/white-logo.svg\",\"contentUrl\":\"https:\\\/\\\/www.gmsa.ch\\\/wp-content\\\/uploads\\\/2023\\\/08\\\/white-logo.svg\",\"width\":184,\"height\":49,\"caption\":\"GMSA\"},\"image\":{\"@id\":\"https:\\\/\\\/www.gmsa.ch\\\/de\\\/#\\\/schema\\\/logo\\\/image\\\/\"},\"sameAs\":[\"https:\\\/\\\/www.linkedin.com\\\/company\\\/groupe-minoteries-sa\"]},{\"@type\":\"Person\",\"@id\":\"https:\\\/\\\/www.gmsa.ch\\\/de\\\/#\\\/schema\\\/person\\\/916284c83c6540352940910406e5483c\",\"name\":\"Marielle Pillonel\",\"image\":{\"@type\":\"ImageObject\",\"inLanguage\":\"de\",\"@id\":\"https:\\\/\\\/secure.gravatar.com\\\/avatar\\\/7103cb04e4606452b763abeadeb2803ba2d5fbe19a8dcd007c971472080414d4?s=96&d=mm&r=g\",\"url\":\"https:\\\/\\\/secure.gravatar.com\\\/avatar\\\/7103cb04e4606452b763abeadeb2803ba2d5fbe19a8dcd007c971472080414d4?s=96&d=mm&r=g\",\"contentUrl\":\"https:\\\/\\\/secure.gravatar.com\\\/avatar\\\/7103cb04e4606452b763abeadeb2803ba2d5fbe19a8dcd007c971472080414d4?s=96&d=mm&r=g\",\"caption\":\"Marielle Pillonel\"},\"url\":\"https:\\\/\\\/www.gmsa.ch\\\/de\\\/author\\\/marielle-pillonel\\\/\"}]}<\/script>","yoast_head_json":{"title":"Zukunft durch Tradition mit der Steinm\u00fchle-L\u00f6sung - GMSA","robots":{"index":"index","follow":"follow","max-snippet":"max-snippet:-1","max-image-preview":"max-image-preview:large","max-video-preview":"max-video-preview:-1"},"canonical":"https:\/\/www.gmsa.ch\/de\/zukunft-durch-tradition-mit-der-steinmuehle-loesung\/","og_locale":"de_DE","og_type":"article","og_title":"Zukunft durch Tradition mit der Steinm\u00fchle-L\u00f6sung","og_description":"GMSA erweitert ihr Angebot mit der Einf\u00fchrung einer Linie authentischer, auf traditionellen M\u00fchlsteinen gemahlener Mehle in der Moulin du Valais SA in Riddes. Entdecken Sie, wie traditionelle M\u00fcllerhandwerk und technische Innovation handwerkliches K\u00f6nnen veredeln und einzigartige Brote mit Charakter hervorbringen.","og_url":"https:\/\/www.gmsa.ch\/de\/zukunft-durch-tradition-mit-der-steinmuehle-loesung\/","og_site_name":"GMSA","article_published_time":"2026-03-25T12:34:24+00:00","article_modified_time":"2026-05-07T11:58:16+00:00","og_image":[{"width":2560,"height":1228,"url":"https:\/\/www.gmsa.ch\/wp-content\/uploads\/2026\/03\/Image3-scaled.jpg","type":"image\/jpeg"}],"author":"Marielle Pillonel","twitter_card":"summary_large_image","twitter_misc":{"Verfasst von":"Marielle Pillonel","Gesch\u00e4tzte Lesezeit":"7\u00a0Minuten"},"schema":{"@context":"https:\/\/schema.org","@graph":[{"@type":"Article","@id":"https:\/\/www.gmsa.ch\/de\/zukunft-durch-tradition-mit-der-steinmuehle-loesung\/#article","isPartOf":{"@id":"https:\/\/www.gmsa.ch\/de\/zukunft-durch-tradition-mit-der-steinmuehle-loesung\/"},"author":{"name":"Marielle Pillonel","@id":"https:\/\/www.gmsa.ch\/de\/#\/schema\/person\/916284c83c6540352940910406e5483c"},"headline":"Zukunft durch Tradition mit der Steinm\u00fchle-L\u00f6sung","datePublished":"2026-03-25T12:34:24+00:00","dateModified":"2026-05-07T11:58:16+00:00","mainEntityOfPage":{"@id":"https:\/\/www.gmsa.ch\/de\/zukunft-durch-tradition-mit-der-steinmuehle-loesung\/"},"wordCount":886,"publisher":{"@id":"https:\/\/www.gmsa.ch\/de\/#organization"},"image":{"@id":"https:\/\/www.gmsa.ch\/de\/zukunft-durch-tradition-mit-der-steinmuehle-loesung\/#primaryimage"},"thumbnailUrl":"https:\/\/www.gmsa.ch\/wp-content\/uploads\/2026\/03\/Image3-scaled.jpg","articleSection":["Home","Innovation &amp; Entwicklung","Kategorien","Partnerschaften &amp; Zusammenarbeit","Standorte &amp; Infrastrukturen","Unternehmensaktivit\u00e4ten"],"inLanguage":"de"},{"@type":"WebPage","@id":"https:\/\/www.gmsa.ch\/de\/zukunft-durch-tradition-mit-der-steinmuehle-loesung\/","url":"https:\/\/www.gmsa.ch\/de\/zukunft-durch-tradition-mit-der-steinmuehle-loesung\/","name":"Zukunft durch Tradition mit der Steinm\u00fchle-L\u00f6sung - GMSA","isPartOf":{"@id":"https:\/\/www.gmsa.ch\/de\/#website"},"primaryImageOfPage":{"@id":"https:\/\/www.gmsa.ch\/de\/zukunft-durch-tradition-mit-der-steinmuehle-loesung\/#primaryimage"},"image":{"@id":"https:\/\/www.gmsa.ch\/de\/zukunft-durch-tradition-mit-der-steinmuehle-loesung\/#primaryimage"},"thumbnailUrl":"https:\/\/www.gmsa.ch\/wp-content\/uploads\/2026\/03\/Image3-scaled.jpg","datePublished":"2026-03-25T12:34:24+00:00","dateModified":"2026-05-07T11:58:16+00:00","breadcrumb":{"@id":"https:\/\/www.gmsa.ch\/de\/zukunft-durch-tradition-mit-der-steinmuehle-loesung\/#breadcrumb"},"inLanguage":"de","potentialAction":[{"@type":"ReadAction","target":["https:\/\/www.gmsa.ch\/de\/zukunft-durch-tradition-mit-der-steinmuehle-loesung\/"]}]},{"@type":"ImageObject","inLanguage":"de","@id":"https:\/\/www.gmsa.ch\/de\/zukunft-durch-tradition-mit-der-steinmuehle-loesung\/#primaryimage","url":"https:\/\/www.gmsa.ch\/wp-content\/uploads\/2026\/03\/Image3-scaled.jpg","contentUrl":"https:\/\/www.gmsa.ch\/wp-content\/uploads\/2026\/03\/Image3-scaled.jpg","width":2560,"height":1228},{"@type":"BreadcrumbList","@id":"https:\/\/www.gmsa.ch\/de\/zukunft-durch-tradition-mit-der-steinmuehle-loesung\/#breadcrumb","itemListElement":[{"@type":"ListItem","position":1,"name":"Home","item":"https:\/\/www.gmsa.ch\/de\/"},{"@type":"ListItem","position":2,"name":"Zukunft durch Tradition mit der Steinm\u00fchle-L\u00f6sung"}]},{"@type":"WebSite","@id":"https:\/\/www.gmsa.ch\/de\/#website","url":"https:\/\/www.gmsa.ch\/de\/","name":"GMSA","description":"","publisher":{"@id":"https:\/\/www.gmsa.ch\/de\/#organization"},"potentialAction":[{"@type":"SearchAction","target":{"@type":"EntryPoint","urlTemplate":"https:\/\/www.gmsa.ch\/de\/?s={search_term_string}"},"query-input":{"@type":"PropertyValueSpecification","valueRequired":true,"valueName":"search_term_string"}}],"inLanguage":"de"},{"@type":"Organization","@id":"https:\/\/www.gmsa.ch\/de\/#organization","name":"GMSA","url":"https:\/\/www.gmsa.ch\/de\/","logo":{"@type":"ImageObject","inLanguage":"de","@id":"https:\/\/www.gmsa.ch\/de\/#\/schema\/logo\/image\/","url":"https:\/\/www.gmsa.ch\/wp-content\/uploads\/2023\/08\/white-logo.svg","contentUrl":"https:\/\/www.gmsa.ch\/wp-content\/uploads\/2023\/08\/white-logo.svg","width":184,"height":49,"caption":"GMSA"},"image":{"@id":"https:\/\/www.gmsa.ch\/de\/#\/schema\/logo\/image\/"},"sameAs":["https:\/\/www.linkedin.com\/company\/groupe-minoteries-sa"]},{"@type":"Person","@id":"https:\/\/www.gmsa.ch\/de\/#\/schema\/person\/916284c83c6540352940910406e5483c","name":"Marielle Pillonel","image":{"@type":"ImageObject","inLanguage":"de","@id":"https:\/\/secure.gravatar.com\/avatar\/7103cb04e4606452b763abeadeb2803ba2d5fbe19a8dcd007c971472080414d4?s=96&d=mm&r=g","url":"https:\/\/secure.gravatar.com\/avatar\/7103cb04e4606452b763abeadeb2803ba2d5fbe19a8dcd007c971472080414d4?s=96&d=mm&r=g","contentUrl":"https:\/\/secure.gravatar.com\/avatar\/7103cb04e4606452b763abeadeb2803ba2d5fbe19a8dcd007c971472080414d4?s=96&d=mm&r=g","caption":"Marielle Pillonel"},"url":"https:\/\/www.gmsa.ch\/de\/author\/marielle-pillonel\/"}]}},"_links":{"self":[{"href":"https:\/\/www.gmsa.ch\/de\/wp-json\/wp\/v2\/posts\/15136","targetHints":{"allow":["GET"]}}],"collection":[{"href":"https:\/\/www.gmsa.ch\/de\/wp-json\/wp\/v2\/posts"}],"about":[{"href":"https:\/\/www.gmsa.ch\/de\/wp-json\/wp\/v2\/types\/post"}],"author":[{"embeddable":true,"href":"https:\/\/www.gmsa.ch\/de\/wp-json\/wp\/v2\/users\/7"}],"replies":[{"embeddable":true,"href":"https:\/\/www.gmsa.ch\/de\/wp-json\/wp\/v2\/comments?post=15136"}],"version-history":[{"count":3,"href":"https:\/\/www.gmsa.ch\/de\/wp-json\/wp\/v2\/posts\/15136\/revisions"}],"predecessor-version":[{"id":15144,"href":"https:\/\/www.gmsa.ch\/de\/wp-json\/wp\/v2\/posts\/15136\/revisions\/15144"}],"wp:featuredmedia":[{"embeddable":true,"href":"https:\/\/www.gmsa.ch\/de\/wp-json\/wp\/v2\/media\/14960"}],"wp:attachment":[{"href":"https:\/\/www.gmsa.ch\/de\/wp-json\/wp\/v2\/media?parent=15136"}],"wp:term":[{"taxonomy":"category","embeddable":true,"href":"https:\/\/www.gmsa.ch\/de\/wp-json\/wp\/v2\/categories?post=15136"},{"taxonomy":"post_tag","embeddable":true,"href":"https:\/\/www.gmsa.ch\/de\/wp-json\/wp\/v2\/tags?post=15136"}],"curies":[{"name":"wp","href":"https:\/\/api.w.org\/{rel}","templated":true}]}}