{"id":12216,"date":"2025-02-11T13:02:44","date_gmt":"2025-02-11T12:02:44","guid":{"rendered":"https:\/\/www.gmsa.ch\/?p=12216"},"modified":"2025-08-13T15:18:55","modified_gmt":"2025-08-13T14:18:55","slug":"gmsa-proseed-eine-fruchtbare-zusammenarbeit-fuer-eine-nachhaltige-ernaehrung","status":"publish","type":"post","link":"https:\/\/www.gmsa.ch\/de\/gmsa-proseed-eine-fruchtbare-zusammenarbeit-fuer-eine-nachhaltige-ernaehrung\/","title":{"rendered":"GMSA &amp; ProSeed: Eine fruchtbare Zusammenarbeit f\u00fcr eine nachhaltige Ern\u00e4hrung"},"content":{"rendered":"\n<div class=\"acf-container desktop:py-0 tablet:py-0 py-0 \"id=acf-block-64f74559dc7e6>\n            <div class=\"acf-container__bg-overlay\" style=\"background: rgba(0, 0, 0, 0)\"><\/div>\n                <div class=\"container\">\n        \n\n<div class=\"acf-columns cols-gap-default reverse-none justify-start desktop:py-0 tablet:py-0 py-0\"id=acf-block-64f74559dc80d>\n    \n\n<div class=\"acf-tp-column two-third \"id=acf-block-64f74559dc826>\n    <div class=\"acf-tp-column__box has-vertical-top py-0 px-0 tablet:py-0 tablet:px-0 desktop:px-0 desktop:py-0 \">\n                    <div class=\"acf-tp-column__bg-overlay\" style=\"background: rgba(0, 0, 0, 0)\"><\/div>\n                                <div class=\"acf-tp-column__box-content \">\n            \n\n<p class=\"has-32-font-size wp-block-paragraph\">Im Bewusstsein der Herausforderungen im Zusammenhang mit der zirkul\u00e4ren Wertsch\u00f6pfung von Lebensmitteln waren wir begeistert von dem Projekt der Firma ProSeed \u2013 einem dynamischen Start-up, das unsere Werte teilt. <\/p>\n\n\n\n<p class=\"has-32-font-size wp-block-paragraph\">Diese Zusammenarbeit hat zu einer speziellen Mehlmischung f\u00fcr handwerkliche B\u00e4cker gef\u00fchrt. <\/p>\n\n\n\n<p class=\"has-32-font-size wp-block-paragraph\">Neue Entwicklungsperspektiven stehen nun offen, um die Marktnachfrage zu bedienen.<\/p>\n\n\n        <\/div>\n    <\/div>\n<\/div>\n\n\n<div class=\"acf-tp-column has-terracotta-color one-third \"id=acf-block-6720ea80c9024>\n    <div class=\"acf-tp-column__box has-vertical-top py-0 px-0 tablet:py-0 tablet:px-0 desktop:px-0 desktop:py-0 \">\n                    <div class=\"acf-tp-column__bg-overlay\" style=\"background: rgba(0, 0, 0, 0)\"><\/div>\n                                <div class=\"acf-tp-column__box-content \">\n            \n\n<h4 class=\"wp-block-heading has-black-color has-text-color has-link-color wp-elements-1\" id=\"h-inhaltsverzeichnis\">Inhaltsverzeichnis<\/h4>\n\n\n\n<ul class=\"wp-block-list\">\n<li>\u00dcber ProSeed<\/li>\n\n\n\n<li>Das Problem feuchter Nebenprodukte<\/li>\n\n\n\n<li>Warum werden diese Nebenprodukte heute nicht genutzt?<\/li>\n\n\n\n<li>Warum sollten sie verwertet werden?<\/li>\n\n\n\n<li>Eine Technologie, die Nebenprodukte in Chancen verwandelt<\/li>\n\n\n\n<li>Innovative Produkte und L\u00f6sungen<\/li>\n\n\n\n<li>Das \u201eBrauermeister Baguette\u201c: Eine neue Mehlmischung f\u00fcr handwerkliche B\u00e4cker<\/li>\n<\/ul>\n\n\n        <\/div>\n    <\/div>\n<\/div>\n\n<\/div>\n\n\n\n\n\n    <\/div>\n<\/div>\n\n\n\n\n\n<div class=\"acf-spacer h-[56px] tablet:h-[88px] desktop:h-[120px]\" id=un-engagement-partage ><\/div>\n\n\n<div class=\"acf-container desktop:py-0 tablet:py-0 py-0 \"id=acf-block-6720ea80c90ce>\n            <div class=\"acf-container__bg-overlay\" style=\"background: rgba(0, 0, 0, 0)\"><\/div>\n                <div class=\"container\">\n        \n\n<div class=\"acf-columns cols-gap-default reverse-none justify-start desktop:py-0 tablet:py-0 py-0\"id=acf-block-64f73707a9213>\n    \n\n<div class=\"acf-tp-column one-third \"id=acf-block-64f73707a922b>\n    <div class=\"acf-tp-column__box has-vertical-top py-0 px-0 tablet:py-0 tablet:px-0 desktop:px-0 desktop:py-0 \">\n                    <div class=\"acf-tp-column__bg-overlay\" style=\"background: rgba(0, 0, 0, 0)\"><\/div>\n                                <div class=\"acf-tp-column__box-content \">\n            \n\n<p class=\"has-32-font-size wp-block-paragraph\" style=\"text-transform:uppercase\"><strong>\u00dcber ProSeed <br><\/strong><br><\/p>\n\n\n\n<figure class=\"wp-block-image size-large\"><img decoding=\"async\" width=\"1024\" height=\"251\" src=\"https:\/\/www.gmsa.ch\/wp-content\/uploads\/2025\/02\/Logo-ProSeed-Jaune-gris-1024x251.png\" alt=\"\" class=\"wp-image-12269\" srcset=\"https:\/\/www.gmsa.ch\/wp-content\/uploads\/2025\/02\/Logo-ProSeed-Jaune-gris-1024x251.png 1024w, https:\/\/www.gmsa.ch\/wp-content\/uploads\/2025\/02\/Logo-ProSeed-Jaune-gris-300x73.png 300w, https:\/\/www.gmsa.ch\/wp-content\/uploads\/2025\/02\/Logo-ProSeed-Jaune-gris-768x188.png 768w, https:\/\/www.gmsa.ch\/wp-content\/uploads\/2025\/02\/Logo-ProSeed-Jaune-gris-1536x376.png 1536w, https:\/\/www.gmsa.ch\/wp-content\/uploads\/2025\/02\/Logo-ProSeed-Jaune-gris-2048x502.png 2048w\" sizes=\"(max-width: 1024px) 100vw, 1024px\" \/><\/figure>\n\n\n\n<div class=\"acf-spacer h-[32px] tablet:h-[32px] desktop:h-[40px]\" id=acf-block-64f73707a923d ><\/div>\n\n        <\/div>\n    <\/div>\n<\/div>\n\n\n<div class=\"acf-tp-column two-third \"id=acf-block-64f73707a9255>\n    <div class=\"acf-tp-column__box has-vertical-top py-0 px-0 tablet:py-0 tablet:px-0 desktop:px-0 desktop:py-0 \">\n                    <div class=\"acf-tp-column__bg-overlay\" style=\"background: rgba(0, 0, 0, 0)\"><\/div>\n                                <div class=\"acf-tp-column__box-content \">\n            \n\n<p class=\"wp-block-paragraph\">ProSeed ist ein Schweizer Foodtech-Start-up mit einer klaren Mission: die Nebenprodukte der Lebensmittelindustrie in nachhaltige und wertvolle Zutaten zu verwandeln. <\/p>\n\n\n\n<p class=\"wp-block-paragraph\">Das Unternehmen entwickelt innovative L\u00f6sungen zur Bek\u00e4mpfung von Lebensmittelverschwendung und zur F\u00f6rderung der Kreislaufwirtschaft in der Lieferkette. <\/p>\n\n\n\n<p class=\"wp-block-paragraph\">Heute verf\u00fcgt ProSeed \u00fcber seine erste Anlage und eine Pilotfabrik in Martigny mit einer Kapazit\u00e4t von 100 Tonnen pro Jahr und tr\u00e4gt so aktiv zur Reduzierung der Lebensmittelverschwendung bei.<\/p>\n\n\n        <\/div>\n    <\/div>\n<\/div>\n\n<\/div>\n\n\n\n\n\n    <\/div>\n<\/div>\n\n\n\n\n\n<div class=\"acf-spacer h-[56px] tablet:h-[88px] desktop:h-[120px]\" id=les-cultures-durables ><\/div>\n\n\n<div class=\"acf-container desktop:py-0 tablet:py-0 py-0 \"id=acf-block-6720ea80ca3c6>\n            <div class=\"acf-container__bg-overlay\" style=\"background: rgba(0, 0, 0, 0)\"><\/div>\n                <div class=\"container\">\n        \n\n<div class=\"acf-columns cols-gap-default reverse-none justify-between desktop:py-0 tablet:py-0 py-0\"id=acf-block-64f73707a9213>\n    \n\n<div class=\"acf-tp-column one-third \"id=acf-block-64f73707a9255>\n    <div class=\"acf-tp-column__box has-vertical-top py-0 px-0 tablet:py-0 tablet:px-0 desktop:px-0 desktop:py-0 \">\n                    <div class=\"acf-tp-column__bg-overlay\" style=\"background: rgba(0, 0, 0, 0)\"><\/div>\n                                <div class=\"acf-tp-column__box-content \">\n            \n\n<figure class=\"wp-block-image size-large\"><img decoding=\"async\" width=\"2250\" height=\"1266\" src=\"https:\/\/www.gmsa.ch\/wp-content\/uploads\/2025\/02\/ProSeed-benne-de-dreche-10052022-edited-1.jpg\" alt=\"\" class=\"wp-image-12298\" srcset=\"https:\/\/www.gmsa.ch\/wp-content\/uploads\/2025\/02\/ProSeed-benne-de-dreche-10052022-edited-1.jpg 2250w, https:\/\/www.gmsa.ch\/wp-content\/uploads\/2025\/02\/ProSeed-benne-de-dreche-10052022-edited-1-300x169.jpg 300w, https:\/\/www.gmsa.ch\/wp-content\/uploads\/2025\/02\/ProSeed-benne-de-dreche-10052022-edited-1-1024x576.jpg 1024w, https:\/\/www.gmsa.ch\/wp-content\/uploads\/2025\/02\/ProSeed-benne-de-dreche-10052022-edited-1-768x432.jpg 768w, https:\/\/www.gmsa.ch\/wp-content\/uploads\/2025\/02\/ProSeed-benne-de-dreche-10052022-edited-1-1536x864.jpg 1536w, https:\/\/www.gmsa.ch\/wp-content\/uploads\/2025\/02\/ProSeed-benne-de-dreche-10052022-edited-1-2048x1152.jpg 2048w\" sizes=\"(max-width: 2250px) 100vw, 2250px\" \/><figcaption class=\"wp-element-caption\">Nasses Treber<\/figcaption><\/figure>\n\n\n\n<div class=\"acf-spacer h-[16px] tablet:h-[16px] desktop:h-[24px]\" id=acf-block-64f899a480b8c ><\/div>\n\n\n<h3 class=\"wp-block-heading is-style-font-mark\" id=\"h-das-problem-feuchter-nebenprodukte\" style=\"line-height:1.1\"><strong>Das Problem feuchter Nebenprodukte<\/strong><\/h3>\n\n\n\n<div class=\"acf-spacer h-[16px] tablet:h-[16px] desktop:h-[24px]\" id=acf-block-64f899a480b8c ><\/div>\n\n\n<p class=\"wp-block-paragraph\">J\u00e4hrlich werden Millionen Tonnen dieser Stoffe produziert und anstatt f\u00fcr die menschliche Ern\u00e4hrung genutzt, dienen sie oft der Energieerzeugung oder als Tierfutter. <\/p>\n\n\n\n<p class=\"wp-block-paragraph\">Dabei enthalten diese Rohstoffe, wie beispielsweise Biertreber, mehr Proteine und Ballaststoffe als unverarbeitete Gerste und werden dennoch nicht genutzt, obwohl sie nahrhaft und potenziell schmackhaft sind.<\/p>\n\n\n\n<div class=\"acf-spacer h-[24px] tablet:h-[32px] desktop:h-[0px]\" id=acf-block-6720ea80ca5a1 ><\/div>\n\n        <\/div>\n    <\/div>\n<\/div>\n\n\n<div class=\"acf-tp-column one-third \"id=acf-block-64f73707a9255>\n    <div class=\"acf-tp-column__box has-vertical-top py-0 px-0 tablet:py-0 tablet:px-0 desktop:px-0 desktop:py-0 \">\n                    <div class=\"acf-tp-column__bg-overlay\" style=\"background: rgba(0, 0, 0, 0)\"><\/div>\n                                <div class=\"acf-tp-column__box-content \">\n            \n\n<figure class=\"wp-block-image alignfull size-large\"><img decoding=\"async\" width=\"1024\" height=\"576\" src=\"https:\/\/www.gmsa.ch\/wp-content\/uploads\/2025\/02\/Dreche-seche-face-1-edited-3-1024x576.jpg\" alt=\"\" class=\"wp-image-12290\" srcset=\"https:\/\/www.gmsa.ch\/wp-content\/uploads\/2025\/02\/Dreche-seche-face-1-edited-3-1024x576.jpg 1024w, https:\/\/www.gmsa.ch\/wp-content\/uploads\/2025\/02\/Dreche-seche-face-1-edited-3-300x169.jpg 300w, https:\/\/www.gmsa.ch\/wp-content\/uploads\/2025\/02\/Dreche-seche-face-1-edited-3-768x432.jpg 768w, https:\/\/www.gmsa.ch\/wp-content\/uploads\/2025\/02\/Dreche-seche-face-1-edited-3-1536x864.jpg 1536w, https:\/\/www.gmsa.ch\/wp-content\/uploads\/2025\/02\/Dreche-seche-face-1-edited-3-2048x1152.jpg 2048w\" sizes=\"(max-width: 1024px) 100vw, 1024px\" \/><figcaption class=\"wp-element-caption\">Trockenes Treber<\/figcaption><\/figure>\n\n\n\n<div class=\"acf-spacer h-[16px] tablet:h-[16px] desktop:h-[24px]\" id=acf-block-64f899a480b8c ><\/div>\n\n\n<h3 class=\"wp-block-heading is-style-font-mark has-32-font-size\" id=\"h-warum-werden-diese-nebenprodukte-heute-nicht-genutzt\" style=\"line-height:1.1;text-transform:none\"><strong>Warum werden diese Nebenprodukte heute nicht genutzt?<\/strong><\/h3>\n\n\n\n<div class=\"acf-spacer h-[16px] tablet:h-[16px] desktop:h-[24px]\" id=acf-block-64f899a480b8c ><\/div>\n\n\n<p class=\"wp-block-paragraph\">Die gr\u00f6sste Herausforderung bei feuchten Nebenprodukten ist ihr hoher Wassergehalt. In Verbindung mit hohen Temperaturen f\u00f6rdert diese Feuchtigkeit das Bakterienwachstum und reduziert die Haltbarkeit auf weniger als 4 Stunden, so dass die meisten einfach weggeworfen werden.<\/p>\n\n\n\n<div class=\"acf-spacer h-[24px] tablet:h-[32px] desktop:h-[0px]\" id=acf-block-64f899a480b8c ><\/div>\n\n        <\/div>\n    <\/div>\n<\/div>\n\n\n<div class=\"acf-tp-column one-third \"id=acf-block-64f73707a9255>\n    <div class=\"acf-tp-column__box has-vertical-top py-0 px-0 tablet:py-0 tablet:px-0 desktop:px-0 desktop:py-0 \">\n                    <div class=\"acf-tp-column__bg-overlay\" style=\"background: rgba(0, 0, 0, 0)\"><\/div>\n                                <div class=\"acf-tp-column__box-content \">\n            \n\n<figure class=\"wp-block-image alignfull size-large\"><img decoding=\"async\" width=\"2560\" height=\"1440\" src=\"https:\/\/www.gmsa.ch\/wp-content\/uploads\/2025\/02\/DSC01058-1-edited-3-scaled.jpg\" alt=\"\" class=\"wp-image-12304\" srcset=\"https:\/\/www.gmsa.ch\/wp-content\/uploads\/2025\/02\/DSC01058-1-edited-3-scaled.jpg 2560w, https:\/\/www.gmsa.ch\/wp-content\/uploads\/2025\/02\/DSC01058-1-edited-3-300x169.jpg 300w, https:\/\/www.gmsa.ch\/wp-content\/uploads\/2025\/02\/DSC01058-1-edited-3-1024x576.jpg 1024w, https:\/\/www.gmsa.ch\/wp-content\/uploads\/2025\/02\/DSC01058-1-edited-3-768x432.jpg 768w, https:\/\/www.gmsa.ch\/wp-content\/uploads\/2025\/02\/DSC01058-1-edited-3-1536x864.jpg 1536w, https:\/\/www.gmsa.ch\/wp-content\/uploads\/2025\/02\/DSC01058-1-edited-3-2048x1152.jpg 2048w\" sizes=\"(max-width: 2560px) 100vw, 2560px\" \/><figcaption class=\"wp-element-caption\">Trebermehl<\/figcaption><\/figure>\n\n\n\n<div class=\"acf-spacer h-[16px] tablet:h-[16px] desktop:h-[24px]\" id=acf-block-64f899a480b8c ><\/div>\n\n\n<h3 class=\"wp-block-heading is-style-font-mark has-32-font-size\" id=\"h-warum-sollten-sie-verwertet-werden\" style=\"line-height:1.1;text-transform:none\"><strong>Warum sollten sie verwertet werden?<\/strong><\/h3>\n\n\n\n<div class=\"acf-spacer h-[16px] tablet:h-[16px] desktop:h-[24px]\" id=acf-block-64f899a480b8c ><\/div>\n\n\n<p class=\"wp-block-paragraph\">Die westlichen L\u00e4nder leiden unter einem Mangel an Ballaststoffen in der Ern\u00e4hrung. Diese Nebenprodukte sind jedoch reich an Ballaststoffen und wichtigen N\u00e4hrstoffen. Wenn wir sie aufwerten, k\u00f6nnen wir die \u00f6ffentliche Gesundheit verbessern, indem wir diese N\u00e4hrstoffe wieder in das Nahrungsmittelsystem integrieren.<\/p>\n\n\n        <\/div>\n    <\/div>\n<\/div>\n\n<\/div>\n\n\n\n\n\n\n<div class=\"acf-spacer h-[32px] tablet:h-[32px] desktop:h-[40px]\" id=acf-block-6720ea80ca492 ><\/div>\n\n\n<div class=\"acf-columns cols-gap-default reverse-none justify-between desktop:py-0 tablet:py-0 py-0\"id=acf-block-64f73707a9213>\n    \n\n<div class=\"acf-tp-column two-third \"id=acf-block-671fc12a99b02>\n    <div class=\"acf-tp-column__box has-vertical-top py-0 px-0 tablet:py-0 tablet:px-0 desktop:px-0 desktop:py-0 \">\n                    <div class=\"acf-tp-column__bg-overlay\" style=\"background: rgba(0, 0, 0, 0)\"><\/div>\n                                <div class=\"acf-tp-column__box-content \">\n            \n\n<h3 class=\"wp-block-heading is-style-font-mark\" id=\"h-vom-abfall-zum-genuss\" style=\"text-transform:uppercase\"><strong>Vom Abfall zum Genuss<\/strong><\/h3>\n\n\n        <\/div>\n    <\/div>\n<\/div>\n\n<\/div>\n\n\n\n\n\n    <\/div>\n<\/div>\n\n\n\n\n\n<div class=\"acf-container desktop:py-0 tablet:py-0 py-0 \"id=acf-block-6501c30338698>\n            <div class=\"acf-container__bg-overlay\" style=\"background: rgba(0, 0, 0, 0)\"><\/div>\n                <div class=\"container\">\n        \n\n<div class=\"acf-columns cols-gap-default reverse-none justify-between desktop:py-0 tablet:py-0 py-0\"id=acf-block-6720ea80c9284>\n    \n\n<div class=\"acf-tp-column two-third \"id=acf-block-64f73707a9255>\n    <div class=\"acf-tp-column__box has-vertical-top py-0 px-0 tablet:py-0 tablet:px-0 desktop:px-0 desktop:py-0 \">\n                    <div class=\"acf-tp-column__bg-overlay\" style=\"background: rgba(0, 0, 0, 0)\"><\/div>\n                                <div class=\"acf-tp-column__box-content \">\n            \n\n<h3 class=\"wp-block-heading is-style-font-mark\" id=\"h-eine-technologie-die-nebenprodukte-in-chancen-verwandelt\" style=\"text-transform:uppercase\"><strong>Eine Technologie, die Nebenprodukte in Chancen verwandelt<\/strong><\/h3>\n\n\n\n<div class=\"acf-spacer h-[32px] tablet:h-[32px] desktop:h-[40px]\" id=acf-block-6720ea80c9331 ><\/div>\n\n\n<p class=\"wp-block-paragraph\">Dank seines innovativen Trocknungsverfahrens verl\u00e4ngert <strong>ProSeed <\/strong>die Haltbarkeit von Biertreber und optimiert seine Verwendung. <\/p>\n\n\n\n<p class=\"wp-block-paragraph\">Diese protein- und ballaststoffreichen R\u00fcckst\u00e4nde werden somit zu nachhaltigen und wertvollen Zutaten f\u00fcr die Lebensmittelindustrie.<\/p>\n\n\n        <\/div>\n    <\/div>\n<\/div>\n\n\n<div class=\"acf-tp-column one-third \"id=acf-block-6732037e0beb1>\n    <div class=\"acf-tp-column__box has-vertical-top py-0 px-0 tablet:py-0 tablet:px-0 desktop:px-0 desktop:py-0 \">\n                    <div class=\"acf-tp-column__bg-overlay\" style=\"background: rgba(0, 0, 0, 0)\"><\/div>\n                                <div class=\"acf-tp-column__box-content \">\n            \n\n<figure class=\"wp-block-image alignfull size-full\"><img decoding=\"async\" width=\"1920\" height=\"1280\" src=\"https:\/\/www.gmsa.ch\/wp-content\/uploads\/2025\/02\/2_Installed-ProSeed-Pilot-Unit.jpg\" alt=\"\" class=\"wp-image-12261\" srcset=\"https:\/\/www.gmsa.ch\/wp-content\/uploads\/2025\/02\/2_Installed-ProSeed-Pilot-Unit.jpg 1920w, https:\/\/www.gmsa.ch\/wp-content\/uploads\/2025\/02\/2_Installed-ProSeed-Pilot-Unit-300x200.jpg 300w, https:\/\/www.gmsa.ch\/wp-content\/uploads\/2025\/02\/2_Installed-ProSeed-Pilot-Unit-1024x683.jpg 1024w, https:\/\/www.gmsa.ch\/wp-content\/uploads\/2025\/02\/2_Installed-ProSeed-Pilot-Unit-768x512.jpg 768w, https:\/\/www.gmsa.ch\/wp-content\/uploads\/2025\/02\/2_Installed-ProSeed-Pilot-Unit-1536x1024.jpg 1536w\" sizes=\"(max-width: 1920px) 100vw, 1920px\" \/><\/figure>\n\n\n\n<div class=\"acf-spacer h-[32px] tablet:h-[32px] desktop:h-[40px]\" id=acf-block-64f73707a923d ><\/div>\n\n        <\/div>\n    <\/div>\n<\/div>\n\n<\/div>\n\n\n\n\n\n\n<div class=\"acf-spacer h-[16px] tablet:h-[48px] desktop:h-[80px]\" id=acf-block-6720ea80c93f6 ><\/div>\n\n    <\/div>\n<\/div>\n\n\n\n\n\n<div class=\"acf-container desktop:py-0 tablet:py-0 py-0 \"id=acf-block-6501c30338698>\n            <div class=\"acf-container__bg-overlay\" style=\"background: rgba(0, 0, 0, 0)\"><\/div>\n                <div class=\"container\">\n        \n\n<div class=\"acf-columns cols-gap-default reverse-none justify-between desktop:py-0 tablet:py-0 py-0\"id=acf-block-6720ea80c9284>\n    \n\n<div class=\"acf-tp-column one-third \"id=acf-block-6732037e0beb1>\n    <div class=\"acf-tp-column__box has-vertical-top py-0 px-0 tablet:py-0 tablet:px-0 desktop:px-0 desktop:py-0 \">\n                    <div class=\"acf-tp-column__bg-overlay\" style=\"background: rgba(0, 0, 0, 0)\"><\/div>\n                                <div class=\"acf-tp-column__box-content \">\n            \n\n<div class=\"acf-spacer h-[32px] tablet:h-[32px] desktop:h-[40px]\" id=acf-block-64f73707a923d ><\/div>\n\n\n<figure class=\"wp-block-image size-full\"><img decoding=\"async\" width=\"1783\" height=\"1190\" src=\"https:\/\/www.gmsa.ch\/wp-content\/uploads\/2025\/02\/DSC00987-Best-scaled-e1738936622219.jpg\" alt=\"\" class=\"wp-image-12259\" srcset=\"https:\/\/www.gmsa.ch\/wp-content\/uploads\/2025\/02\/DSC00987-Best-scaled-e1738936622219.jpg 1783w, https:\/\/www.gmsa.ch\/wp-content\/uploads\/2025\/02\/DSC00987-Best-scaled-e1738936622219-300x200.jpg 300w, https:\/\/www.gmsa.ch\/wp-content\/uploads\/2025\/02\/DSC00987-Best-scaled-e1738936622219-1024x683.jpg 1024w, https:\/\/www.gmsa.ch\/wp-content\/uploads\/2025\/02\/DSC00987-Best-scaled-e1738936622219-768x513.jpg 768w, https:\/\/www.gmsa.ch\/wp-content\/uploads\/2025\/02\/DSC00987-Best-scaled-e1738936622219-1536x1025.jpg 1536w\" sizes=\"(max-width: 1783px) 100vw, 1783px\" \/><figcaption class=\"wp-element-caption\">Vom Gerstenkorn zum Trebermehl<\/figcaption><\/figure>\n\n\n        <\/div>\n    <\/div>\n<\/div>\n\n\n<div class=\"acf-tp-column two-third \"id=acf-block-64f73707a9255>\n    <div class=\"acf-tp-column__box has-vertical-top py-0 px-0 tablet:py-0 tablet:px-0 desktop:px-0 desktop:py-0 \">\n                    <div class=\"acf-tp-column__bg-overlay\" style=\"background: rgba(0, 0, 0, 0)\"><\/div>\n                                <div class=\"acf-tp-column__box-content \">\n            \n\n<h3 class=\"wp-block-heading is-style-font-mark\" id=\"h-innovative-produkte-und-losungen\" style=\"text-transform:uppercase\"><strong>innovative Produkte und L\u00f6sungen<\/strong><\/h3>\n\n\n\n<div class=\"acf-spacer h-[32px] tablet:h-[32px] desktop:h-[40px]\" id=acf-block-6720ea80c9331 ><\/div>\n\n\n<p class=\"wp-block-paragraph\">Wir haben durch unsere Technologie und unser Know-how diesen hochwertigen Rohstoff verarbeitet und in ausgew\u00e4hlte Produkte integriert. Damit k\u00f6nnen wir dem handwerklichen B\u00e4ckereigewerbe und der Lebensmittelindustrie innovative, nahrhafte und umweltfreundliche L\u00f6sungen anbieten, die den Erwartungen der heutigen Verbraucher entsprechen.<\/p>\n\n\n\n<p class=\"wp-block-paragraph\">Dieses Mehl kann zwischen 5 und 15 % des herk\u00f6mmlichen Mehls in vielen Lebensmitteln ersetzen. Sie ist besonders interessant f\u00fcr die B\u00e4ckereibranche, da ihr hoher Gehalt an Proteinen und Ballaststoffen die Qualit\u00e4t von Brot, Geb\u00e4ck und anderen Produkten verbessert.<\/p>\n\n\n\n<p class=\"wp-block-paragraph\">in Produkt mit Biertreber f\u00f6rdert nicht nur ein zirkul\u00e4res Lebensmittelsystem \u2013 es ist auch gesund und geschmacklich \u00fcberzeugend!<\/p>\n\n\n        <\/div>\n    <\/div>\n<\/div>\n\n<\/div>\n\n\n\n\n\n\n<div class=\"acf-spacer h-[56px] tablet:h-[88px] desktop:h-[120px]\" id=acf-block-6720ea80c93f6 ><\/div>\n\n\n<div class=\"acf-columns cols-gap-default reverse-none justify-start desktop:py-0 tablet:py-0 py-0\"id=acf-block-67a61899d253d>\n    \n\n<div class=\"acf-tp-column half \"id=acf-block-67a61899d41f2>\n    <div class=\"acf-tp-column__box has-vertical-top py-0 px-0 tablet:py-0 tablet:px-0 desktop:px-0 desktop:py-0 \">\n                    <div class=\"acf-tp-column__bg-overlay\" style=\"background: rgba(0, 0, 0, 0)\"><\/div>\n                                <div class=\"acf-tp-column__box-content \">\n            \n\n<p class=\"wp-block-paragraph\">Als Ergebnis dieser Initiative vereint <strong>das \u201eBrauermeister Baguette\u201c<\/strong> Geschmack, N\u00e4hrwerte und Nachhaltigkeit in perfekter Harmonie. <\/p>\n\n\n\n<p class=\"wp-block-paragraph\">Dieses innovative Produkt, das f\u00fcr Schweizer B\u00e4ckereien entwickelt wurde, unterstreicht unser Engagement, Nebenprodukte in wertvolle Ressourcen f\u00fcr eine ges\u00fcndere und nachhaltigere Ern\u00e4hrung zu verwandeln.<\/p>\n\n\n\n<p class=\"wp-block-paragraph\">Machen auch Sie bei der Revolution des Lebensmittel-Upcyclings mit und entdecken Sie unser Angebot an nachhaltigen L\u00f6sungen \u2013 kontaktieren Sie unsere Verkaufsberater!<\/p>\n\n\n        <\/div>\n    <\/div>\n<\/div>\n\n\n<div class=\"acf-tp-column half \"id=acf-block-67a61899d4005>\n    <div class=\"acf-tp-column__box has-vertical-top py-0 px-0 tablet:py-0 tablet:px-0 desktop:px-0 desktop:py-0 \">\n                    <div class=\"acf-tp-column__bg-overlay\" style=\"background: rgba(0, 0, 0, 0)\"><\/div>\n                                <div class=\"acf-tp-column__box-content \">\n            \n\n<p class=\"has-32-font-size wp-block-paragraph\" style=\"text-transform:uppercase\"><strong>Das \u201eBrauermeister Baguette\u201c: Eine neue Mehlmischung f\u00fcr handwerkliche B\u00e4cker<\/strong><\/p>\n\n\n\n<figure class=\"wp-block-image size-full\"><img decoding=\"async\" width=\"916\" height=\"436\" src=\"https:\/\/www.gmsa.ch\/wp-content\/uploads\/2025\/02\/IMG_1155-e1738936845189.jpg\" alt=\"\" class=\"wp-image-12265\" srcset=\"https:\/\/www.gmsa.ch\/wp-content\/uploads\/2025\/02\/IMG_1155-e1738936845189.jpg 916w, https:\/\/www.gmsa.ch\/wp-content\/uploads\/2025\/02\/IMG_1155-e1738936845189-300x143.jpg 300w, https:\/\/www.gmsa.ch\/wp-content\/uploads\/2025\/02\/IMG_1155-e1738936845189-768x366.jpg 768w\" sizes=\"(max-width: 916px) 100vw, 916px\" \/><figcaption class=\"wp-element-caption\">Die Brauermeister Baguette<\/figcaption><\/figure>\n\n\n        <\/div>\n    <\/div>\n<\/div>\n\n<\/div>\n\n\n\n\n\n    <\/div>\n<\/div>\n\n\n\n\n\n<div class=\"acf-spacer h-[24px] tablet:h-[40px] desktop:h-[56px]\" id=acf-block-67a61899d4276 ><\/div>\n\n\n<div class=\"acf-container desktop:py-0 tablet:py-0 py-0 \"id=acf-block-64f899a480879>\n            <div class=\"acf-container__bg-overlay\" style=\"background: rgba(0, 0, 0, 0)\"><\/div>\n                <div class=\"container\">\n        \n\n<div class=\"acf-columns cols-gap-none reverse-none justify-start desktop:py-0 tablet:py-0 py-0\"id=acf-block-64f848fc822f3>\n    \n\n<div class=\"acf-tp-column full \"id=acf-block-64f848fc8230f>\n    <div class=\"acf-tp-column__box has-vertical-top py-0 px-0 tablet:py-0 tablet:px-0 desktop:px-0 desktop:py-0 \">\n                    <div class=\"acf-tp-column__bg-overlay\" style=\"background: rgba(0, 0, 0, 0)\"><\/div>\n                                <div class=\"acf-tp-column__box-content \">\n            \n\n<figure class=\"wp-block-image size-full\"><img decoding=\"async\" width=\"1920\" height=\"1280\" src=\"https:\/\/www.gmsa.ch\/wp-content\/uploads\/2025\/02\/1_Team-Picture.jpg\" alt=\"\" class=\"wp-image-12263\" srcset=\"https:\/\/www.gmsa.ch\/wp-content\/uploads\/2025\/02\/1_Team-Picture.jpg 1920w, https:\/\/www.gmsa.ch\/wp-content\/uploads\/2025\/02\/1_Team-Picture-300x200.jpg 300w, https:\/\/www.gmsa.ch\/wp-content\/uploads\/2025\/02\/1_Team-Picture-1024x683.jpg 1024w, https:\/\/www.gmsa.ch\/wp-content\/uploads\/2025\/02\/1_Team-Picture-768x512.jpg 768w, https:\/\/www.gmsa.ch\/wp-content\/uploads\/2025\/02\/1_Team-Picture-1536x1024.jpg 1536w\" sizes=\"(max-width: 1920px) 100vw, 1920px\" \/><figcaption class=\"wp-element-caption\">Proseed Team<\/figcaption><\/figure>\n\n\n        <\/div>\n    <\/div>\n<\/div>\n\n<\/div>\n\n\n\n\n\n    <\/div>\n<\/div>\n\n\n\n\n\n<div class=\"acf-spacer h-[120px] tablet:h-[120px] desktop:h-[120px]\" id=acf-block-6720ea80ccae0 ><\/div>","protected":false},"excerpt":{"rendered":"<p>Im Bewusstsein der Herausforderungen im Zusammenhang mit der zirkul\u00e4ren Wertsch\u00f6pfung von Lebensmitteln waren wir begeistert von dem Projekt der Firma ProSeed \u2013 einem dynamischen Start-up, das unsere Werte teilt.<\/p>\n","protected":false},"author":7,"featured_media":12264,"comment_status":"closed","ping_status":"closed","sticky":false,"template":"","format":"standard","meta":{"_acf_changed":false,"_searchwp_excluded":"","footnotes":""},"categories":[21,79,80,5],"tags":[],"class_list":["post-12216","post","type-post","status-publish","format-standard","has-post-thumbnail","hentry","category-home-de","category-innovation-entwicklung","category-partnerschaften-zusammenarbeit","category-unkategorisiert"],"acf":[],"yoast_head":"<title>GMSA &amp; ProSeed: Eine fruchtbare Zusammenarbeit f\u00fcr eine nachhaltige Ern\u00e4hrung - GMSA<\/title>\n<meta name=\"robots\" content=\"index, follow, max-snippet:-1, max-image-preview:large, max-video-preview:-1\" \/>\n<link rel=\"canonical\" href=\"https:\/\/www.gmsa.ch\/de\/gmsa-proseed-eine-fruchtbare-zusammenarbeit-fuer-eine-nachhaltige-ernaehrung\/\" \/>\n<meta property=\"og:locale\" content=\"de_DE\" \/>\n<meta property=\"og:type\" content=\"article\" \/>\n<meta property=\"og:title\" content=\"GMSA &amp; ProSeed: Eine fruchtbare Zusammenarbeit f\u00fcr eine nachhaltige Ern\u00e4hrung\" \/>\n<meta property=\"og:description\" content=\"Im Bewusstsein der Herausforderungen im Zusammenhang mit der zirkul\u00e4ren Wertsch\u00f6pfung von Lebensmitteln waren wir begeistert von dem Projekt der Firma ProSeed \u2013 einem dynamischen Start-up, das unsere Werte teilt.\" \/>\n<meta property=\"og:url\" content=\"https:\/\/www.gmsa.ch\/de\/gmsa-proseed-eine-fruchtbare-zusammenarbeit-fuer-eine-nachhaltige-ernaehrung\/\" \/>\n<meta property=\"og:site_name\" content=\"GMSA\" \/>\n<meta property=\"article:published_time\" content=\"2025-02-11T12:02:44+00:00\" \/>\n<meta property=\"article:modified_time\" content=\"2025-08-13T14:18:55+00:00\" \/>\n<meta property=\"og:image\" content=\"https:\/\/www.gmsa.ch\/wp-content\/uploads\/2025\/02\/1_Team-Picture.jpg\" \/>\n\t<meta property=\"og:image:width\" content=\"1920\" \/>\n\t<meta property=\"og:image:height\" content=\"1280\" \/>\n\t<meta property=\"og:image:type\" content=\"image\/jpeg\" \/>\n<meta name=\"author\" content=\"Marielle Pillonel\" \/>\n<meta name=\"twitter:card\" content=\"summary_large_image\" \/>\n<meta name=\"twitter:label1\" content=\"Verfasst von\" \/>\n\t<meta name=\"twitter:data1\" content=\"Marielle Pillonel\" \/>\n\t<meta name=\"twitter:label2\" content=\"Gesch\u00e4tzte Lesezeit\" \/>\n\t<meta name=\"twitter:data2\" content=\"5\u00a0Minuten\" \/>\n<script type=\"application\/ld+json\" class=\"yoast-schema-graph\">{\"@context\":\"https:\\\/\\\/schema.org\",\"@graph\":[{\"@type\":\"Article\",\"@id\":\"https:\\\/\\\/www.gmsa.ch\\\/de\\\/gmsa-proseed-eine-fruchtbare-zusammenarbeit-fuer-eine-nachhaltige-ernaehrung\\\/#article\",\"isPartOf\":{\"@id\":\"https:\\\/\\\/www.gmsa.ch\\\/de\\\/gmsa-proseed-eine-fruchtbare-zusammenarbeit-fuer-eine-nachhaltige-ernaehrung\\\/\"},\"author\":{\"name\":\"Marielle Pillonel\",\"@id\":\"https:\\\/\\\/www.gmsa.ch\\\/de\\\/#\\\/schema\\\/person\\\/916284c83c6540352940910406e5483c\"},\"headline\":\"GMSA &amp; ProSeed: Eine fruchtbare Zusammenarbeit f\u00fcr eine nachhaltige Ern\u00e4hrung\",\"datePublished\":\"2025-02-11T12:02:44+00:00\",\"dateModified\":\"2025-08-13T14:18:55+00:00\",\"mainEntityOfPage\":{\"@id\":\"https:\\\/\\\/www.gmsa.ch\\\/de\\\/gmsa-proseed-eine-fruchtbare-zusammenarbeit-fuer-eine-nachhaltige-ernaehrung\\\/\"},\"wordCount\":575,\"publisher\":{\"@id\":\"https:\\\/\\\/www.gmsa.ch\\\/de\\\/#organization\"},\"image\":{\"@id\":\"https:\\\/\\\/www.gmsa.ch\\\/de\\\/gmsa-proseed-eine-fruchtbare-zusammenarbeit-fuer-eine-nachhaltige-ernaehrung\\\/#primaryimage\"},\"thumbnailUrl\":\"https:\\\/\\\/www.gmsa.ch\\\/wp-content\\\/uploads\\\/2025\\\/02\\\/1_Team-Picture.jpg\",\"articleSection\":[\"Home\",\"Innovation &amp; Entwicklung\",\"Partnerschaften &amp; Zusammenarbeit\",\"Unkategorisiert\"],\"inLanguage\":\"de\"},{\"@type\":\"WebPage\",\"@id\":\"https:\\\/\\\/www.gmsa.ch\\\/de\\\/gmsa-proseed-eine-fruchtbare-zusammenarbeit-fuer-eine-nachhaltige-ernaehrung\\\/\",\"url\":\"https:\\\/\\\/www.gmsa.ch\\\/de\\\/gmsa-proseed-eine-fruchtbare-zusammenarbeit-fuer-eine-nachhaltige-ernaehrung\\\/\",\"name\":\"GMSA &amp; ProSeed: Eine fruchtbare Zusammenarbeit f\u00fcr eine nachhaltige Ern\u00e4hrung - GMSA\",\"isPartOf\":{\"@id\":\"https:\\\/\\\/www.gmsa.ch\\\/de\\\/#website\"},\"primaryImageOfPage\":{\"@id\":\"https:\\\/\\\/www.gmsa.ch\\\/de\\\/gmsa-proseed-eine-fruchtbare-zusammenarbeit-fuer-eine-nachhaltige-ernaehrung\\\/#primaryimage\"},\"image\":{\"@id\":\"https:\\\/\\\/www.gmsa.ch\\\/de\\\/gmsa-proseed-eine-fruchtbare-zusammenarbeit-fuer-eine-nachhaltige-ernaehrung\\\/#primaryimage\"},\"thumbnailUrl\":\"https:\\\/\\\/www.gmsa.ch\\\/wp-content\\\/uploads\\\/2025\\\/02\\\/1_Team-Picture.jpg\",\"datePublished\":\"2025-02-11T12:02:44+00:00\",\"dateModified\":\"2025-08-13T14:18:55+00:00\",\"breadcrumb\":{\"@id\":\"https:\\\/\\\/www.gmsa.ch\\\/de\\\/gmsa-proseed-eine-fruchtbare-zusammenarbeit-fuer-eine-nachhaltige-ernaehrung\\\/#breadcrumb\"},\"inLanguage\":\"de\",\"potentialAction\":[{\"@type\":\"ReadAction\",\"target\":[\"https:\\\/\\\/www.gmsa.ch\\\/de\\\/gmsa-proseed-eine-fruchtbare-zusammenarbeit-fuer-eine-nachhaltige-ernaehrung\\\/\"]}]},{\"@type\":\"ImageObject\",\"inLanguage\":\"de\",\"@id\":\"https:\\\/\\\/www.gmsa.ch\\\/de\\\/gmsa-proseed-eine-fruchtbare-zusammenarbeit-fuer-eine-nachhaltige-ernaehrung\\\/#primaryimage\",\"url\":\"https:\\\/\\\/www.gmsa.ch\\\/wp-content\\\/uploads\\\/2025\\\/02\\\/1_Team-Picture.jpg\",\"contentUrl\":\"https:\\\/\\\/www.gmsa.ch\\\/wp-content\\\/uploads\\\/2025\\\/02\\\/1_Team-Picture.jpg\",\"width\":1920,\"height\":1280},{\"@type\":\"BreadcrumbList\",\"@id\":\"https:\\\/\\\/www.gmsa.ch\\\/de\\\/gmsa-proseed-eine-fruchtbare-zusammenarbeit-fuer-eine-nachhaltige-ernaehrung\\\/#breadcrumb\",\"itemListElement\":[{\"@type\":\"ListItem\",\"position\":1,\"name\":\"Home\",\"item\":\"https:\\\/\\\/www.gmsa.ch\\\/de\\\/\"},{\"@type\":\"ListItem\",\"position\":2,\"name\":\"GMSA &amp; ProSeed: Eine fruchtbare Zusammenarbeit f\u00fcr eine nachhaltige Ern\u00e4hrung\"}]},{\"@type\":\"WebSite\",\"@id\":\"https:\\\/\\\/www.gmsa.ch\\\/de\\\/#website\",\"url\":\"https:\\\/\\\/www.gmsa.ch\\\/de\\\/\",\"name\":\"GMSA\",\"description\":\"\",\"publisher\":{\"@id\":\"https:\\\/\\\/www.gmsa.ch\\\/de\\\/#organization\"},\"potentialAction\":[{\"@type\":\"SearchAction\",\"target\":{\"@type\":\"EntryPoint\",\"urlTemplate\":\"https:\\\/\\\/www.gmsa.ch\\\/de\\\/?s={search_term_string}\"},\"query-input\":{\"@type\":\"PropertyValueSpecification\",\"valueRequired\":true,\"valueName\":\"search_term_string\"}}],\"inLanguage\":\"de\"},{\"@type\":\"Organization\",\"@id\":\"https:\\\/\\\/www.gmsa.ch\\\/de\\\/#organization\",\"name\":\"GMSA\",\"url\":\"https:\\\/\\\/www.gmsa.ch\\\/de\\\/\",\"logo\":{\"@type\":\"ImageObject\",\"inLanguage\":\"de\",\"@id\":\"https:\\\/\\\/www.gmsa.ch\\\/de\\\/#\\\/schema\\\/logo\\\/image\\\/\",\"url\":\"https:\\\/\\\/www.gmsa.ch\\\/wp-content\\\/uploads\\\/2023\\\/08\\\/white-logo.svg\",\"contentUrl\":\"https:\\\/\\\/www.gmsa.ch\\\/wp-content\\\/uploads\\\/2023\\\/08\\\/white-logo.svg\",\"width\":184,\"height\":49,\"caption\":\"GMSA\"},\"image\":{\"@id\":\"https:\\\/\\\/www.gmsa.ch\\\/de\\\/#\\\/schema\\\/logo\\\/image\\\/\"},\"sameAs\":[\"https:\\\/\\\/www.linkedin.com\\\/company\\\/groupe-minoteries-sa\"]},{\"@type\":\"Person\",\"@id\":\"https:\\\/\\\/www.gmsa.ch\\\/de\\\/#\\\/schema\\\/person\\\/916284c83c6540352940910406e5483c\",\"name\":\"Marielle Pillonel\",\"image\":{\"@type\":\"ImageObject\",\"inLanguage\":\"de\",\"@id\":\"https:\\\/\\\/secure.gravatar.com\\\/avatar\\\/7103cb04e4606452b763abeadeb2803ba2d5fbe19a8dcd007c971472080414d4?s=96&d=mm&r=g\",\"url\":\"https:\\\/\\\/secure.gravatar.com\\\/avatar\\\/7103cb04e4606452b763abeadeb2803ba2d5fbe19a8dcd007c971472080414d4?s=96&d=mm&r=g\",\"contentUrl\":\"https:\\\/\\\/secure.gravatar.com\\\/avatar\\\/7103cb04e4606452b763abeadeb2803ba2d5fbe19a8dcd007c971472080414d4?s=96&d=mm&r=g\",\"caption\":\"Marielle Pillonel\"},\"url\":\"https:\\\/\\\/www.gmsa.ch\\\/de\\\/author\\\/marielle-pillonel\\\/\"}]}<\/script>","yoast_head_json":{"title":"GMSA &amp; ProSeed: Eine fruchtbare Zusammenarbeit f\u00fcr eine nachhaltige Ern\u00e4hrung - GMSA","robots":{"index":"index","follow":"follow","max-snippet":"max-snippet:-1","max-image-preview":"max-image-preview:large","max-video-preview":"max-video-preview:-1"},"canonical":"https:\/\/www.gmsa.ch\/de\/gmsa-proseed-eine-fruchtbare-zusammenarbeit-fuer-eine-nachhaltige-ernaehrung\/","og_locale":"de_DE","og_type":"article","og_title":"GMSA &amp; ProSeed: Eine fruchtbare Zusammenarbeit f\u00fcr eine nachhaltige Ern\u00e4hrung","og_description":"Im Bewusstsein der Herausforderungen im Zusammenhang mit der zirkul\u00e4ren Wertsch\u00f6pfung von Lebensmitteln waren wir begeistert von dem Projekt der Firma ProSeed \u2013 einem dynamischen Start-up, das unsere Werte teilt.","og_url":"https:\/\/www.gmsa.ch\/de\/gmsa-proseed-eine-fruchtbare-zusammenarbeit-fuer-eine-nachhaltige-ernaehrung\/","og_site_name":"GMSA","article_published_time":"2025-02-11T12:02:44+00:00","article_modified_time":"2025-08-13T14:18:55+00:00","og_image":[{"width":1920,"height":1280,"url":"https:\/\/www.gmsa.ch\/wp-content\/uploads\/2025\/02\/1_Team-Picture.jpg","type":"image\/jpeg"}],"author":"Marielle Pillonel","twitter_card":"summary_large_image","twitter_misc":{"Verfasst von":"Marielle Pillonel","Gesch\u00e4tzte Lesezeit":"5\u00a0Minuten"},"schema":{"@context":"https:\/\/schema.org","@graph":[{"@type":"Article","@id":"https:\/\/www.gmsa.ch\/de\/gmsa-proseed-eine-fruchtbare-zusammenarbeit-fuer-eine-nachhaltige-ernaehrung\/#article","isPartOf":{"@id":"https:\/\/www.gmsa.ch\/de\/gmsa-proseed-eine-fruchtbare-zusammenarbeit-fuer-eine-nachhaltige-ernaehrung\/"},"author":{"name":"Marielle Pillonel","@id":"https:\/\/www.gmsa.ch\/de\/#\/schema\/person\/916284c83c6540352940910406e5483c"},"headline":"GMSA &amp; ProSeed: Eine fruchtbare Zusammenarbeit f\u00fcr eine nachhaltige Ern\u00e4hrung","datePublished":"2025-02-11T12:02:44+00:00","dateModified":"2025-08-13T14:18:55+00:00","mainEntityOfPage":{"@id":"https:\/\/www.gmsa.ch\/de\/gmsa-proseed-eine-fruchtbare-zusammenarbeit-fuer-eine-nachhaltige-ernaehrung\/"},"wordCount":575,"publisher":{"@id":"https:\/\/www.gmsa.ch\/de\/#organization"},"image":{"@id":"https:\/\/www.gmsa.ch\/de\/gmsa-proseed-eine-fruchtbare-zusammenarbeit-fuer-eine-nachhaltige-ernaehrung\/#primaryimage"},"thumbnailUrl":"https:\/\/www.gmsa.ch\/wp-content\/uploads\/2025\/02\/1_Team-Picture.jpg","articleSection":["Home","Innovation &amp; Entwicklung","Partnerschaften &amp; Zusammenarbeit","Unkategorisiert"],"inLanguage":"de"},{"@type":"WebPage","@id":"https:\/\/www.gmsa.ch\/de\/gmsa-proseed-eine-fruchtbare-zusammenarbeit-fuer-eine-nachhaltige-ernaehrung\/","url":"https:\/\/www.gmsa.ch\/de\/gmsa-proseed-eine-fruchtbare-zusammenarbeit-fuer-eine-nachhaltige-ernaehrung\/","name":"GMSA &amp; ProSeed: Eine fruchtbare Zusammenarbeit f\u00fcr eine nachhaltige Ern\u00e4hrung - GMSA","isPartOf":{"@id":"https:\/\/www.gmsa.ch\/de\/#website"},"primaryImageOfPage":{"@id":"https:\/\/www.gmsa.ch\/de\/gmsa-proseed-eine-fruchtbare-zusammenarbeit-fuer-eine-nachhaltige-ernaehrung\/#primaryimage"},"image":{"@id":"https:\/\/www.gmsa.ch\/de\/gmsa-proseed-eine-fruchtbare-zusammenarbeit-fuer-eine-nachhaltige-ernaehrung\/#primaryimage"},"thumbnailUrl":"https:\/\/www.gmsa.ch\/wp-content\/uploads\/2025\/02\/1_Team-Picture.jpg","datePublished":"2025-02-11T12:02:44+00:00","dateModified":"2025-08-13T14:18:55+00:00","breadcrumb":{"@id":"https:\/\/www.gmsa.ch\/de\/gmsa-proseed-eine-fruchtbare-zusammenarbeit-fuer-eine-nachhaltige-ernaehrung\/#breadcrumb"},"inLanguage":"de","potentialAction":[{"@type":"ReadAction","target":["https:\/\/www.gmsa.ch\/de\/gmsa-proseed-eine-fruchtbare-zusammenarbeit-fuer-eine-nachhaltige-ernaehrung\/"]}]},{"@type":"ImageObject","inLanguage":"de","@id":"https:\/\/www.gmsa.ch\/de\/gmsa-proseed-eine-fruchtbare-zusammenarbeit-fuer-eine-nachhaltige-ernaehrung\/#primaryimage","url":"https:\/\/www.gmsa.ch\/wp-content\/uploads\/2025\/02\/1_Team-Picture.jpg","contentUrl":"https:\/\/www.gmsa.ch\/wp-content\/uploads\/2025\/02\/1_Team-Picture.jpg","width":1920,"height":1280},{"@type":"BreadcrumbList","@id":"https:\/\/www.gmsa.ch\/de\/gmsa-proseed-eine-fruchtbare-zusammenarbeit-fuer-eine-nachhaltige-ernaehrung\/#breadcrumb","itemListElement":[{"@type":"ListItem","position":1,"name":"Home","item":"https:\/\/www.gmsa.ch\/de\/"},{"@type":"ListItem","position":2,"name":"GMSA &amp; ProSeed: Eine fruchtbare Zusammenarbeit f\u00fcr eine nachhaltige Ern\u00e4hrung"}]},{"@type":"WebSite","@id":"https:\/\/www.gmsa.ch\/de\/#website","url":"https:\/\/www.gmsa.ch\/de\/","name":"GMSA","description":"","publisher":{"@id":"https:\/\/www.gmsa.ch\/de\/#organization"},"potentialAction":[{"@type":"SearchAction","target":{"@type":"EntryPoint","urlTemplate":"https:\/\/www.gmsa.ch\/de\/?s={search_term_string}"},"query-input":{"@type":"PropertyValueSpecification","valueRequired":true,"valueName":"search_term_string"}}],"inLanguage":"de"},{"@type":"Organization","@id":"https:\/\/www.gmsa.ch\/de\/#organization","name":"GMSA","url":"https:\/\/www.gmsa.ch\/de\/","logo":{"@type":"ImageObject","inLanguage":"de","@id":"https:\/\/www.gmsa.ch\/de\/#\/schema\/logo\/image\/","url":"https:\/\/www.gmsa.ch\/wp-content\/uploads\/2023\/08\/white-logo.svg","contentUrl":"https:\/\/www.gmsa.ch\/wp-content\/uploads\/2023\/08\/white-logo.svg","width":184,"height":49,"caption":"GMSA"},"image":{"@id":"https:\/\/www.gmsa.ch\/de\/#\/schema\/logo\/image\/"},"sameAs":["https:\/\/www.linkedin.com\/company\/groupe-minoteries-sa"]},{"@type":"Person","@id":"https:\/\/www.gmsa.ch\/de\/#\/schema\/person\/916284c83c6540352940910406e5483c","name":"Marielle Pillonel","image":{"@type":"ImageObject","inLanguage":"de","@id":"https:\/\/secure.gravatar.com\/avatar\/7103cb04e4606452b763abeadeb2803ba2d5fbe19a8dcd007c971472080414d4?s=96&d=mm&r=g","url":"https:\/\/secure.gravatar.com\/avatar\/7103cb04e4606452b763abeadeb2803ba2d5fbe19a8dcd007c971472080414d4?s=96&d=mm&r=g","contentUrl":"https:\/\/secure.gravatar.com\/avatar\/7103cb04e4606452b763abeadeb2803ba2d5fbe19a8dcd007c971472080414d4?s=96&d=mm&r=g","caption":"Marielle Pillonel"},"url":"https:\/\/www.gmsa.ch\/de\/author\/marielle-pillonel\/"}]}},"_links":{"self":[{"href":"https:\/\/www.gmsa.ch\/de\/wp-json\/wp\/v2\/posts\/12216","targetHints":{"allow":["GET"]}}],"collection":[{"href":"https:\/\/www.gmsa.ch\/de\/wp-json\/wp\/v2\/posts"}],"about":[{"href":"https:\/\/www.gmsa.ch\/de\/wp-json\/wp\/v2\/types\/post"}],"author":[{"embeddable":true,"href":"https:\/\/www.gmsa.ch\/de\/wp-json\/wp\/v2\/users\/7"}],"replies":[{"embeddable":true,"href":"https:\/\/www.gmsa.ch\/de\/wp-json\/wp\/v2\/comments?post=12216"}],"version-history":[{"count":6,"href":"https:\/\/www.gmsa.ch\/de\/wp-json\/wp\/v2\/posts\/12216\/revisions"}],"predecessor-version":[{"id":14065,"href":"https:\/\/www.gmsa.ch\/de\/wp-json\/wp\/v2\/posts\/12216\/revisions\/14065"}],"wp:featuredmedia":[{"embeddable":true,"href":"https:\/\/www.gmsa.ch\/de\/wp-json\/wp\/v2\/media\/12264"}],"wp:attachment":[{"href":"https:\/\/www.gmsa.ch\/de\/wp-json\/wp\/v2\/media?parent=12216"}],"wp:term":[{"taxonomy":"category","embeddable":true,"href":"https:\/\/www.gmsa.ch\/de\/wp-json\/wp\/v2\/categories?post=12216"},{"taxonomy":"post_tag","embeddable":true,"href":"https:\/\/www.gmsa.ch\/de\/wp-json\/wp\/v2\/tags?post=12216"}],"curies":[{"name":"wp","href":"https:\/\/api.w.org\/{rel}","templated":true}]}}